{"id":10115,"date":"2020-12-10T03:43:16","date_gmt":"2020-12-10T06:43:16","guid":{"rendered":"https:\/\/hostnetart.com.br\/baixada\/comeca-a-conferencia-da-uni-americas-financas\/"},"modified":"2020-12-10T03:43:16","modified_gmt":"2020-12-10T06:43:16","slug":"comeca-a-conferencia-da-uni-americas-financas","status":"publish","type":"post","link":"https:\/\/hostnetart.com.br\/baixada\/comeca-a-conferencia-da-uni-americas-financas\/","title":{"rendered":"Come\u00e7a a Confer\u00eancia da UNI Am\u00e9ricas Finan\u00e7as"},"content":{"rendered":"<p>Come\u00e7ou nesta quarta-feira (9) a 5\u00aa Confer\u00eancia da UNI Am\u00e9ricas Finan\u00e7as. A UNI Am\u00e9ricas \u00e9 o bra\u00e7o no continente da UNI Global Union, sindicato global que representa trabalhadores dos setores de servi\u00e7os em todo o mundo. A UNI Am\u00e9rica Finan\u00e7as \u00e9 o ramo da entidade sindical continental para o ramo financeiro. Participou do encontro o ex-presidente do Uruguai, Pepe Mujica.<\/p>\n<p>\u201cVoc\u00eas banc\u00e1rios pertencem ao mundo da distribui\u00e7\u00e3o da riqueza e dos recursos. T\u00eam uma import\u00e2ncia enorme. Na minha juventude, o sindicato dos banc\u00e1rios era o mais radical. Voc\u00eas s\u00e3o privilegiados porque t\u00eam um sindicato latino-americano. N\u00e3o esque\u00e7am dos demais trabalhadores. Obrigado por n\u00e3o ficarem calados\u201d, disse Mujica na abertura da confer\u00eancia. Para o ex-presidente uruguaio, o mundo passou por grandes transforma\u00e7\u00f5es nas \u00faltimas d\u00e9cadas, mas a riqueza ficou cada vez mais concentrada. \u201cA riqueza se multiplicou, mas est\u00e1 se juntando em um cantinho\u201d, falou. Mujica lembrou tamb\u00e9m que os governo progressistas latino-americanos aumentaram a capacidade de consumo da popula\u00e7\u00e3o, mas n\u00e3o conseguiram formar uma sociedade consciente dos valores democr\u00e1ticos. \u201cN\u00e3o nos tornamos cidad\u00e3os, mas sim consumidores\u201d, afirmou o ex-presidente.<\/p>\n<p><strong>Pandemia<\/strong><\/p>\n<p>\u201cEssa confer\u00eancia \u00e9 muito importante nesse momento de pandemia. A crise econ\u00f4mica foi aprofundada pela pandemia, com o crescimento do desemprego. Acelerou os avan\u00e7os tecnol\u00f3gicos e que v\u00e3o ter impactos nos empregos. \u00c9 o momento de a gente debater que mundo que a gente quer\u201d, declarou a presidenta da Confedera\u00e7\u00e3o Nacional dos Trabalhadores do Ramo Financeiro (Contraf-CUT), Juvandia Moreira, que tamb\u00e9m participou da abertura da confer\u00eancia.\u00a0 A pandemia e seu impacto nas rela\u00e7\u00f5es de trabalho da categoria banc\u00e1ria foi um dos temas mais discutidos no encontro<\/p>\n<p>\u201cTemos um milh\u00e3o e meio de mortos por conta da pandemia. Mais da metade dessas mortes est\u00e1 aqui na Am\u00e9rica, ent\u00e3o \u00e9 o momento de a gente debater que Am\u00e9rica que a gente quer, tamb\u00e9m. Temos de discutir que mercado financeiro que a gente quer, que tem que existir para gerar desenvolvimento econ\u00f4mico, distribui\u00e7\u00e3o de renda. Essa confer\u00eancia vai debater temas super importantes, que passam pela transforma\u00e7\u00e3o do nosso continente. A gente quer um continente justo, com igualdade. Somos um dos continentes mais desiguais do mundo. Temos riquezas profundas, mas tamb\u00e9m desigualdades profundas\u201d, disse Juvandia.<\/p>\n<p><strong>Rompendo barreiras<\/strong><\/p>\n<p>O secret\u00e1rio de Rela\u00e7\u00f5es Internacionais da Contraf-CUT, Roberto Von Der Osten, fez a primeira apresenta\u00e7\u00e3o do plano estrat\u00e9gico \u201cRompendo Barreiras\u201d a primeira das mo\u00e7\u00f5es discutidas na confer\u00eancia. O documento reafirma o compromisso de continuar combatendo as pol\u00edticas neoliberais com maior unidade sindical e contribuindo a um novo modelo de desenvolvimento no continente. \u201cRomper barreira hoje nunca foi t\u00e3o necess\u00e1rio. H\u00e1 um mundo que quer excluir pessoas do mercado de trabalho com a tecnologia. Querem eliminar definitivamente os sindicatos e colocar a meritocracia no lugar. Um momento triste para a humanidade, mas desafiador para o movimento sindical\u201d, analisou o secret\u00e1rio.<\/p>\n<p>A economista Vivian Machado, da subse\u00e7\u00e3o do Departamento Intersindical de Estat\u00edstica e Estudos Socioecon\u00f4micos (Dieese) da Contraf-CUT, fez a apresenta\u00e7\u00e3o com o tema \u201cO Novo Mundo da Banca\u201d, sobre a digitaliza\u00e7\u00e3o e novas tecnologias banc\u00e1rias. A economista observou que, com a pandemia, o processo de digitaliza\u00e7\u00e3o banc\u00e1ria sofreu uma acelera\u00e7\u00e3o. Vivian citou a pesquisa feita pela Contraf-CUT com os trabalhadores que foram trabalhar em casa ap\u00f3s o in\u00edcio da pandemia. A pesquisa mostrou a necessidade de se regulamentar o teletrabalho para evitar que a categoria fosse submetida a jornadas excessivas e sem controle, al\u00e9m de gastos adicionais com energia e internet.<\/p>\n<p>A 5\u00aa Confer\u00eancia prossegue nesta quinta-feira (10), com debate de outras mo\u00e7\u00f5es e a elei\u00e7\u00e3o do novo Comit\u00ea Executivo da UNI Am\u00e9ricas Finan\u00e7as.<\/p>\n<p><strong>O que \u00e9 a UNI Global Union<\/strong>\u00a0<\/p>\n<p>A UNI Global Union\u00a0 (sindicato mundial de servi\u00e7os que representa mais de 20 milh\u00f5es de trabalhadores de mais de 150 pa\u00edses diferentes nos setores que mais crescem no mundo \u2013 habilidades e servi\u00e7os), \u00e9 uma entidade sindical mundial \u00e0 qual a Contraf-CUT \u00e9 filiada. Est\u00e1 organizada em quatro grandes regi\u00f5es (Am\u00e9ricas, Europa, \u00c1frica e \u00c1sia\/Pac\u00edfico). A cada quatro anos estas estruturas todas se re\u00fanem, tanto as regionais quanto os setoriais e horizontais para eleger suas dire\u00e7\u00f5es.<\/p>\n<p><span style=\"text-decoration: underline;\"><strong>Fonte: Contraf-CUT<\/strong><\/span><\/p>\n","protected":false},"excerpt":{"rendered":"<p>Come\u00e7ou nesta quarta-feira (9) a 5\u00aa Confer\u00eancia da UNI Am\u00e9ricas Finan\u00e7as. A UNI Am\u00e9ricas \u00e9 o bra\u00e7o no continente da UNI Global Union, sindicato global que representa trabalhadores dos setores de servi\u00e7os em todo o mundo. A UNI Am\u00e9rica Finan\u00e7as \u00e9 o ramo da entidade sindical continental para o ramo financeiro. Participou do encontro o [&hellip;]<\/p>\n","protected":false},"author":2,"featured_media":10114,"comment_status":"","ping_status":"","sticky":false,"template":"","format":"standard","meta":{"footnotes":""},"categories":[3],"tags":[],"class_list":["post-10115","post","type-post","status-publish","format-standard","has-post-thumbnail","hentry","category-noticias"],"_links":{"self":[{"href":"https:\/\/hostnetart.com.br\/baixada\/wp-json\/wp\/v2\/posts\/10115","targetHints":{"allow":["GET"]}}],"collection":[{"href":"https:\/\/hostnetart.com.br\/baixada\/wp-json\/wp\/v2\/posts"}],"about":[{"href":"https:\/\/hostnetart.com.br\/baixada\/wp-json\/wp\/v2\/types\/post"}],"author":[{"embeddable":true,"href":"https:\/\/hostnetart.com.br\/baixada\/wp-json\/wp\/v2\/users\/2"}],"replies":[{"embeddable":true,"href":"https:\/\/hostnetart.com.br\/baixada\/wp-json\/wp\/v2\/comments?post=10115"}],"version-history":[{"count":0,"href":"https:\/\/hostnetart.com.br\/baixada\/wp-json\/wp\/v2\/posts\/10115\/revisions"}],"wp:featuredmedia":[{"embeddable":true,"href":"https:\/\/hostnetart.com.br\/baixada\/wp-json\/wp\/v2\/media\/10114"}],"wp:attachment":[{"href":"https:\/\/hostnetart.com.br\/baixada\/wp-json\/wp\/v2\/media?parent=10115"}],"wp:term":[{"taxonomy":"category","embeddable":true,"href":"https:\/\/hostnetart.com.br\/baixada\/wp-json\/wp\/v2\/categories?post=10115"},{"taxonomy":"post_tag","embeddable":true,"href":"https:\/\/hostnetart.com.br\/baixada\/wp-json\/wp\/v2\/tags?post=10115"}],"curies":[{"name":"wp","href":"https:\/\/api.w.org\/{rel}","templated":true}]}}