{"id":10113,"date":"2020-12-09T15:42:48","date_gmt":"2020-12-09T18:42:48","guid":{"rendered":"https:\/\/hostnetart.com.br\/baixada\/contraf-cut-reitera-a-caixa-instalacao-do-gt-saude-caixa\/"},"modified":"2020-12-09T15:42:48","modified_gmt":"2020-12-09T18:42:48","slug":"contraf-cut-reitera-a-caixa-instalacao-do-gt-saude-caixa","status":"publish","type":"post","link":"https:\/\/hostnetart.com.br\/baixada\/contraf-cut-reitera-a-caixa-instalacao-do-gt-saude-caixa\/","title":{"rendered":"Contraf-CUT reitera \u00e0 Caixa instala\u00e7\u00e3o do GT Sa\u00fade Caixa"},"content":{"rendered":"<p>A Confedera\u00e7\u00e3o Nacional dos Trabalhadores do Ramo Financeiro (Contraf-CUT), por meio da Comiss\u00e3o Executiva de Empregados da Caixa (CEE\/Caixa), reiterou ao banco p\u00fablico, nesta ter\u00e7a-feira (8), a instala\u00e7\u00e3o do Grupo de Trabalho \u2013 Sa\u00fade Caixa, conforme celebrado em Acordo Coletivo de Trabalho (ACT), na Campanha Nacional dos Banc\u00e1rios 2020.<\/p>\n<p>Assinado pela presidenta da Contraf-CUT, Juvandia Moreira e pela coordenadora da CEE\/Caixa e secret\u00e1ria de Cultura da Confedera\u00e7\u00e3o, Fabiana Uehara Proscholdt, o documento solicita ainda informa\u00e7\u00f5es sobre o andamento das medidas de inclus\u00e3o de todos os empregados na assist\u00eancia medica Sa\u00fade Caixa, tema relevante e subscrito pelas partes no ACT e objeto de oficio anterior n\u00e3o respondido.<\/p>\n<p>\u201cO grupo de trabalho \u00e9 um espa\u00e7o de suma import\u00e2ncia, considerando que foi algo extremamente debatido durante a Campanha Nacional e o GT tem como responsabilidade pensar alternativas para que o plano de assist\u00eancia \u00e0 sa\u00fade dos empregados seja vi\u00e1vel e sustent\u00e1vel para todos a partir de 2022. Por isso, aguardamos um retorno urgente da Caixa\u201d, ressaltou Fabiana.<\/p>\n<p>Em decorr\u00eancia da decreta\u00e7\u00e3o das medidas preventivas \u00e0 pandemia, as reuni\u00f5es poder\u00e3o ocorrer em formato eletr\u00f4nico, atrav\u00e9s dos meios digitais mais compat\u00edvel \u00e0s partes.<\/p>\n<p><strong>Fonte: Contraf-CUT<\/strong><\/p>\n","protected":false},"excerpt":{"rendered":"<p>A Confedera\u00e7\u00e3o Nacional dos Trabalhadores do Ramo Financeiro (Contraf-CUT), por meio da Comiss\u00e3o Executiva de Empregados da Caixa (CEE\/Caixa), reiterou ao banco p\u00fablico, nesta ter\u00e7a-feira (8), a instala\u00e7\u00e3o do Grupo de Trabalho \u2013 Sa\u00fade Caixa, conforme celebrado em Acordo Coletivo de Trabalho (ACT), na Campanha Nacional dos Banc\u00e1rios 2020. Assinado pela presidenta da Contraf-CUT, Juvandia [&hellip;]<\/p>\n","protected":false},"author":2,"featured_media":10112,"comment_status":"","ping_status":"","sticky":false,"template":"","format":"standard","meta":{"footnotes":""},"categories":[3],"tags":[],"class_list":["post-10113","post","type-post","status-publish","format-standard","has-post-thumbnail","hentry","category-noticias"],"_links":{"self":[{"href":"https:\/\/hostnetart.com.br\/baixada\/wp-json\/wp\/v2\/posts\/10113","targetHints":{"allow":["GET"]}}],"collection":[{"href":"https:\/\/hostnetart.com.br\/baixada\/wp-json\/wp\/v2\/posts"}],"about":[{"href":"https:\/\/hostnetart.com.br\/baixada\/wp-json\/wp\/v2\/types\/post"}],"author":[{"embeddable":true,"href":"https:\/\/hostnetart.com.br\/baixada\/wp-json\/wp\/v2\/users\/2"}],"replies":[{"embeddable":true,"href":"https:\/\/hostnetart.com.br\/baixada\/wp-json\/wp\/v2\/comments?post=10113"}],"version-history":[{"count":0,"href":"https:\/\/hostnetart.com.br\/baixada\/wp-json\/wp\/v2\/posts\/10113\/revisions"}],"wp:featuredmedia":[{"embeddable":true,"href":"https:\/\/hostnetart.com.br\/baixada\/wp-json\/wp\/v2\/media\/10112"}],"wp:attachment":[{"href":"https:\/\/hostnetart.com.br\/baixada\/wp-json\/wp\/v2\/media?parent=10113"}],"wp:term":[{"taxonomy":"category","embeddable":true,"href":"https:\/\/hostnetart.com.br\/baixada\/wp-json\/wp\/v2\/categories?post=10113"},{"taxonomy":"post_tag","embeddable":true,"href":"https:\/\/hostnetart.com.br\/baixada\/wp-json\/wp\/v2\/tags?post=10113"}],"curies":[{"name":"wp","href":"https:\/\/api.w.org\/{rel}","templated":true}]}}