{"id":10111,"date":"2020-12-09T15:40:31","date_gmt":"2020-12-09T18:40:31","guid":{"rendered":"https:\/\/hostnetart.com.br\/baixada\/nao-tivemos-tempo-de-pegar-nossos-pertences\/"},"modified":"2020-12-09T15:40:31","modified_gmt":"2020-12-09T18:40:31","slug":"nao-tivemos-tempo-de-pegar-nossos-pertences","status":"publish","type":"post","link":"https:\/\/hostnetart.com.br\/baixada\/nao-tivemos-tempo-de-pegar-nossos-pertences\/","title":{"rendered":"&#8220;N\u00e3o tivemos tempo de pegar nossos pertences&#8221;"},"content":{"rendered":"<p class=\"post-title-noticia\">Empregados contam como foi a semana em que a Caixa iniciou a entrega de quase 170 im\u00f3veis. Segundo trabalhadores, as informa\u00e7\u00f5es seguem desencontradas<\/p>\n<p id=\"categoriaId\" class=\"post-title-noticia\">\u00a0<\/p>\n<div class=\"post-content-noticia\">\n<p>\u00a0<\/p>\n<p>De uma hora para outra, pr\u00e9dios fechados e trabalhadores proibidos de entrar. Foi assim que muitos empregados iniciaram a semana em que a Caixa resolveu n\u00e3o renovar o aluguel ou vender mais de 170 im\u00f3veis. &#8220;N\u00e3o tivemos tempo de pegar nossos pertences&#8221;, contou um empregado que trabalha em uma das ger\u00eancias executivas de Governo (Gigov) atingidos pela reestrutura\u00e7\u00e3o.<\/p>\n<p>H\u00e1 15 anos na Caixa, L.F. (nome fict\u00edcio), que preferiu n\u00e3o se identificar, disse que foi uma grande tens\u00e3o quando descobriu que n\u00e3o poderia entrar no pr\u00e9dio em que trabalhava. &#8220;Como assim eu n\u00e3o posso mais nem adentrar, nem para retirar meus pertences. Disseram que ningu\u00e9m mais poderia circular no pr\u00e9dio. Eu nunca vi isso acontecer em unidade nenhuma na Caixa&#8221;, contou. L.F. Ele lembrou ainda que o im\u00f3vel em que estava alocado foi rec\u00e9m contratado em setembro.<\/p>\n<p>Os empregados atingidos pela reestrutura\u00e7\u00e3o foram colocados em home office pela dire\u00e7\u00e3o da Caixa. Com a mudan\u00e7a, eles enfrentam tamb\u00e9m problemas de conex\u00e3o. &#8220;N\u00f3s temos que dar conta do servi\u00e7o, de metas, fazer tudo de casa sem suporte, porque nada funciona. N\u00e3o temos como baixar os documentos na internet, porque a Caixa n\u00e3o permite e temos que ficar burlando o sistema. Tudo isso para atender a Caixa e alcan\u00e7ar metas&#8221;, desabafou.<\/p>\n<p>A falta de informa\u00e7\u00e3o \u00e9 grande. Apenas os boatos chegam at\u00e9 os empregados. H\u00e1 not\u00edcias que algumas \u00e1reas ir\u00e3o para os mezaninos das ag\u00eancias, outras d\u00e3o conta de que Gihab e Gigov v\u00e3o acabar. &#8220;\u00c9 uma inseguran\u00e7a que eles passam para a gente. A Caixa transmite essa inseguran\u00e7a no meio de uma pandemia. Todo que chega \u00e9 informalmente e assim, n\u00e3o tem discuss\u00e3o, n\u00e3o tem negocia\u00e7\u00e3o e n\u00e3o tem conversa&#8221;, ressaltou.<\/p>\n<p>L.F. acredita que essa movimenta\u00e7\u00e3o da Caixa \u00e9 para que os empregados fa\u00e7am a ades\u00e3o ao PDV. O mesmo pensamento \u00e9 da empregada V. A., que est\u00e1 h\u00e1 16 anos na Caixa. Segundo ela, a dire\u00e7\u00e3o do banco est\u00e1 criando um clima de p\u00e2nico entre os trabalhadores.<\/p>\n<p>J.S. (nome fict\u00edcio), que tamb\u00e9m preferiu n\u00e3o se identificar, trabalha na Gilog, a ger\u00eancia de log\u00edstica, uma das \u00e1reas respons\u00e1veis por fazer essas mudan\u00e7as. \u201cTemos a ordem de desocupar pr\u00e9dios at\u00e9 20 de dezembro e veio do nada, sem planejamento. Temos ordem de desocupar o dep\u00f3sito at\u00e9 31 de dezembro. O material precisa ser leiloado. Est\u00e1 enlouquecedor\u201d, afirmou.<\/p>\n<p>Segundo a trabalhadora, parece que tudo est\u00e1 sendo feito com muito sigilo. \u201cN\u00e3o sabemos se vamos ter vaga para ir para S\u00e3o Paulo, se todos est\u00e3o sem fun\u00e7\u00e3o, sem vaga, ao Deus dar\u00e1. Ningu\u00e9m consegue falar nada com a gente\u201d, desabafou. Assim como L.F., ela tamb\u00e9m afirmou que n\u00e3o est\u00e1 havendo nenhuma conversa entre os empregados. \u201cA pessoa que est\u00e1 determinando que isso seja feito n\u00e3o est\u00e1 aceitando nenhum tipo de contesta\u00e7\u00e3o, n\u00e3o est\u00e1 aberta a discuss\u00e3o. A ordem \u00e9 entregar pr\u00e9dios\u201d.<\/p>\n<p><strong>Entidades cobram negocia\u00e7\u00e3o e mais planejamento<\/strong><\/p>\n<p>A Federa\u00e7\u00e3o Nacional das Associa\u00e7\u00f5es do Pessoal da Caixa Econ\u00f4mica Federal (Fenae) e as entidades que representam a categoria questionaram a falta de planejamento da dire\u00e7\u00e3o do banco. Sem aviso pr\u00e9vio e sem negocia\u00e7\u00e3o com os trabalhadores, o banco resolveu fazer as mudan\u00e7as com o intuito de fortalecer a governan\u00e7a, economicidade e melhor gest\u00e3o dos recursos p\u00fablicos. \u201cAt\u00e9 o momento n\u00e3o tivemos nenhuma informa\u00e7\u00e3o oficial do que est\u00e1 acontecendo. E o que estamos vendo \u00e9 uma medida da Caixa que est\u00e1 gerando p\u00e2nico e inseguran\u00e7a entre os trabalhadores\u201d, afirmou o presidente da Fenae, Sergio Takemoto.<\/p>\n<p>A coordenadora do Comit\u00ea Nacional em Defesa das Empresas P\u00fablicas e representante dos empregados no Conselho de Administra\u00e7\u00e3o da Caixa, Rita Serrano, tamb\u00e9m destacou a falta de negocia\u00e7\u00e3o, organiza\u00e7\u00e3o e planejamento, al\u00e9m de n\u00e3o levar em considera\u00e7\u00e3o a realidade dos empregados. \u201cO primeiro problema \u00e9: voc\u00ea n\u00e3o pode mudar a vida das pessoas sem que isso seja negociado, para voc\u00ea diminuir os conflitos e insatisfa\u00e7\u00f5es. Retirar as pessoas do seu local de trabalho e locar nas ag\u00eancias tamb\u00e9m tem que se precedido de um planejamento. N\u00f3s estamos em uma pandemia e voc\u00ea locar mais pessoas para trabalhar juntas \u00e9 muito ruim e aumento o risco de cont\u00e1gio\u201d, afirmou.<\/p>\n<p>A Confedera\u00e7\u00e3o Nacional dos Trabalhadores do Ramo Financeiro (Contraf-CUT), assessorada pela CEE\/Caixa, questionou o banco quanto ao deslocamento dos trabalhadores e a falta de negocia\u00e7\u00e3o da dire\u00e7\u00e3o da Caixa com os trabalhadores, como garante o Acordo Coletivo de Trabalho (ACT). \u201c\u00c9 lament\u00e1vel ver a dire\u00e7\u00e3o da Caixa fazendo mudan\u00e7as de forma brusca, sem aviso pr\u00e9vio e nem di\u00e1logo com os empregados nem com seus representantes sindicais. A inseguran\u00e7a est\u00e1 instalada nos locais de trabalho, visto que os funcion\u00e1rios s\u00e3o pegos de surpresa, sem saber como ficam as altera\u00e7\u00f5es na vida funcional e em suas remunera\u00e7\u00f5es. Por isso, solicitamos esclarecimentos e discuss\u00e3o sobre um poss\u00edvel processo de reestrutura\u00e7\u00e3o em curso\u201d, afirmou a presidente da Contraf-CUT, Juvandia Moreira.<\/p>\n<p><span style=\"text-decoration: underline;\"><strong>Fonte: Fenae<\/strong><\/span><\/p>\n<\/div>\n","protected":false},"excerpt":{"rendered":"<p>Empregados contam como foi a semana em que a Caixa iniciou a entrega de quase 170 im\u00f3veis. Segundo trabalhadores, as informa\u00e7\u00f5es seguem desencontradas \u00a0 \u00a0 De uma hora para outra, pr\u00e9dios fechados e trabalhadores proibidos de entrar. Foi assim que muitos empregados iniciaram a semana em que a Caixa resolveu n\u00e3o renovar o aluguel ou [&hellip;]<\/p>\n","protected":false},"author":2,"featured_media":10110,"comment_status":"","ping_status":"","sticky":false,"template":"","format":"standard","meta":{"footnotes":""},"categories":[3],"tags":[],"class_list":["post-10111","post","type-post","status-publish","format-standard","has-post-thumbnail","hentry","category-noticias"],"_links":{"self":[{"href":"https:\/\/hostnetart.com.br\/baixada\/wp-json\/wp\/v2\/posts\/10111","targetHints":{"allow":["GET"]}}],"collection":[{"href":"https:\/\/hostnetart.com.br\/baixada\/wp-json\/wp\/v2\/posts"}],"about":[{"href":"https:\/\/hostnetart.com.br\/baixada\/wp-json\/wp\/v2\/types\/post"}],"author":[{"embeddable":true,"href":"https:\/\/hostnetart.com.br\/baixada\/wp-json\/wp\/v2\/users\/2"}],"replies":[{"embeddable":true,"href":"https:\/\/hostnetart.com.br\/baixada\/wp-json\/wp\/v2\/comments?post=10111"}],"version-history":[{"count":0,"href":"https:\/\/hostnetart.com.br\/baixada\/wp-json\/wp\/v2\/posts\/10111\/revisions"}],"wp:featuredmedia":[{"embeddable":true,"href":"https:\/\/hostnetart.com.br\/baixada\/wp-json\/wp\/v2\/media\/10110"}],"wp:attachment":[{"href":"https:\/\/hostnetart.com.br\/baixada\/wp-json\/wp\/v2\/media?parent=10111"}],"wp:term":[{"taxonomy":"category","embeddable":true,"href":"https:\/\/hostnetart.com.br\/baixada\/wp-json\/wp\/v2\/categories?post=10111"},{"taxonomy":"post_tag","embeddable":true,"href":"https:\/\/hostnetart.com.br\/baixada\/wp-json\/wp\/v2\/tags?post=10111"}],"curies":[{"name":"wp","href":"https:\/\/api.w.org\/{rel}","templated":true}]}}