{"id":1011,"date":"2015-06-26T14:27:00","date_gmt":"2015-06-26T17:27:00","guid":{"rendered":"https:\/\/hostnetart.com.br\/baixada\/contraf-cut-usa-estudo-da-fenaban-para-apontar-causas-de-adoecimento\/"},"modified":"2015-06-26T14:27:00","modified_gmt":"2015-06-26T17:27:00","slug":"contraf-cut-usa-estudo-da-fenaban-para-apontar-causas-de-adoecimento","status":"publish","type":"post","link":"https:\/\/hostnetart.com.br\/baixada\/contraf-cut-usa-estudo-da-fenaban-para-apontar-causas-de-adoecimento\/","title":{"rendered":"Contraf-CUT usa estudo da Fenaban para apontar causas de adoecimento"},"content":{"rendered":"<p>Foi com o sentimento de vit\u00f3ria que a bancada da Contraf-CUT saiu da primeira reuni\u00e3o do Grupo de Trabalho de Adoecimento, entre dirigentes de federa\u00e7\u00f5es e sindicatos e a Fenaban, realizada nesta quinta-feira (25), em S\u00e3o Paulo.<\/p>\n<\/p>\n<p>O ponto alto do encontro foi quando a economista do Dieese Regina Camargos apontou, baseada no estudo de sa\u00fade do trabalhador (divulgado pela pr\u00f3pria entidade patronal), quest\u00f5es que motivam o crescimento do n\u00famero de doen\u00e7as nos \u00faltimos dez anos.<\/p>\n<p>\u201cOs n\u00fameros mostram que o respeito ao trabalhador tem de ser revisto nos bancos. N\u00e3o \u00e9 \u00e0 toa que o grau de adoecimento nas ag\u00eancias \u00e9 maior do que nos departamentos e que a incid\u00eancia de transtornos mentais \u00e9 superior em cargos de ger\u00eancia\u201d, explica Walcir Previtale, secret\u00e1rio de Sa\u00fade do Trabalhador da Contraf.<\/p>\n<p>Previtale ainda comemora a decis\u00e3o conjunta de marcar uma nova reuni\u00e3o, em julho, com uma equipe t\u00e9cnica bipartite. \u201cNossa esperan\u00e7a \u00e9 que a gente consiga avan\u00e7ar para diminuir as ocorr\u00eancias de adoecimento e afastamento nos bancos.\u201d <\/p>\n<p>O grupo de trabalho bipartite tem a fun\u00e7\u00e3o de analisar as causas dos afastamentos dos empregados do ramo financeiro, conforme a Cl\u00e1usula 62\u00aa da Conven\u00e7\u00e3o Coletiva de Trabalho (CCT). <\/p>\n<p>Nesta sexta-feira (26), a Contraf-CUT, federa\u00e7\u00f5es e sindicatos voltam a se reunir com os representantes dos bancos para avaliar o Instrumento de Combate ao Ass\u00e9dio Moral, previsto na cl\u00e1usula 56\u00aa da CCT. <\/p>\n<p>Fonte: Contraf-CUT<\/p>\n","protected":false},"excerpt":{"rendered":"<p>Foi com o sentimento de vit\u00f3ria que a bancada da Contraf-CUT saiu da primeira reuni\u00e3o do Grupo de Trabalho de Adoecimento, entre dirigentes de federa\u00e7\u00f5es e sindicatos e a Fenaban, realizada nesta quinta-feira (25), em S\u00e3o Paulo. O ponto alto do encontro foi quando a economista do Dieese Regina Camargos apontou, baseada no estudo de [&hellip;]<\/p>\n","protected":false},"author":1,"featured_media":1010,"comment_status":"","ping_status":"","sticky":false,"template":"","format":"standard","meta":{"footnotes":""},"categories":[3],"tags":[],"class_list":["post-1011","post","type-post","status-publish","format-standard","has-post-thumbnail","hentry","category-noticias"],"_links":{"self":[{"href":"https:\/\/hostnetart.com.br\/baixada\/wp-json\/wp\/v2\/posts\/1011","targetHints":{"allow":["GET"]}}],"collection":[{"href":"https:\/\/hostnetart.com.br\/baixada\/wp-json\/wp\/v2\/posts"}],"about":[{"href":"https:\/\/hostnetart.com.br\/baixada\/wp-json\/wp\/v2\/types\/post"}],"author":[{"embeddable":true,"href":"https:\/\/hostnetart.com.br\/baixada\/wp-json\/wp\/v2\/users\/1"}],"replies":[{"embeddable":true,"href":"https:\/\/hostnetart.com.br\/baixada\/wp-json\/wp\/v2\/comments?post=1011"}],"version-history":[{"count":0,"href":"https:\/\/hostnetart.com.br\/baixada\/wp-json\/wp\/v2\/posts\/1011\/revisions"}],"wp:featuredmedia":[{"embeddable":true,"href":"https:\/\/hostnetart.com.br\/baixada\/wp-json\/wp\/v2\/media\/1010"}],"wp:attachment":[{"href":"https:\/\/hostnetart.com.br\/baixada\/wp-json\/wp\/v2\/media?parent=1011"}],"wp:term":[{"taxonomy":"category","embeddable":true,"href":"https:\/\/hostnetart.com.br\/baixada\/wp-json\/wp\/v2\/categories?post=1011"},{"taxonomy":"post_tag","embeddable":true,"href":"https:\/\/hostnetart.com.br\/baixada\/wp-json\/wp\/v2\/tags?post=1011"}],"curies":[{"name":"wp","href":"https:\/\/api.w.org\/{rel}","templated":true}]}}