{"id":10109,"date":"2020-12-09T03:04:43","date_gmt":"2020-12-09T06:04:43","guid":{"rendered":"https:\/\/hostnetart.com.br\/baixada\/trabalhadores-fazem-dia-nacional-de-luta-contra-demissoes-no-mercantil\/"},"modified":"2020-12-09T03:04:43","modified_gmt":"2020-12-09T06:04:43","slug":"trabalhadores-fazem-dia-nacional-de-luta-contra-demissoes-no-mercantil","status":"publish","type":"post","link":"https:\/\/hostnetart.com.br\/baixada\/trabalhadores-fazem-dia-nacional-de-luta-contra-demissoes-no-mercantil\/","title":{"rendered":"Trabalhadores fazem Dia Nacional de Luta contra demiss\u00f5es no Mercantil"},"content":{"rendered":"<p>A Comiss\u00e3o de Organiza\u00e7\u00e3o dos Empregados (COE) do Mercantil do Brasil decidiu realizar nesta quinta-feira (10) um Dia Nacional de Lutas em rep\u00fadio \u00e0s demiss\u00f5es realizadas pelo banco e tamb\u00e9m contra uma s\u00e9rie de problemas que afetam funcion\u00e1rios e clientes. As manifesta\u00e7\u00f5es v\u00e3o denunciar o ass\u00e9dio moral, as metas abusivas, a precariedade no atendimento banc\u00e1rio, longas filas nas ag\u00eancias. Ser\u00e1 um ato em solidariedade \u00e0s dezenas de pais e m\u00e3es de fam\u00edlias que perderam seus empregos em meio \u00e0 pandemia do coronav\u00edrus (Covid-19). Nesse dia, haver\u00e1 um tuita\u00e7o \u00e0s 11h para denunciar o banco. A hashtag \u00e9 #QueVergonhaMercantilBrasil . Ajude a divulgar o tuita\u00e7o. Passe a hashtag para seus amigos e familiares.<\/p>\n<p>Na segunda quinzena de novembro, o Mercantil do Brasil demitiu mais de 30 funcion\u00e1rios. Para denunciar essa pol\u00edtica de demiss\u00f5es \u00e9 que a COE decidiu fazer as manifesta\u00e7\u00f5es. Ser\u00e3o realizados atos nas portas das ag\u00eancias do banco, com distribui\u00e7\u00e3o de cartas abertas \u00e0 popula\u00e7\u00e3o, mensagens em carros de som e mobiliza\u00e7\u00f5es virtuais. \u201cVamos denunciar a falta de compromisso do banco, que insiste em demitir trabalhadores em plena pandemia e com os lucros nas alturas\u201d, afirmou Marco Aur\u00e9lio Alves, coordenador da COE do Mercantil.<\/p>\n<p><strong>Clientes reclamam<\/strong><\/p>\n<p>O Mercantil tamb\u00e9m vem sendo alvo de reclama\u00e7\u00f5es de clientes, que acabam sendo afetados pelas demiss\u00f5es. \u201cOs clientes do Mercantil do Brasil, na maioria aposentados e pensionistas do INSS, padecem nas longas filas \u00e0 espera de atendimento. Esse \u00e9 o resultado das demiss\u00f5es, pois o atendimento foi precarizado\u201d, ressaltou Marco Aur\u00e9lio Alves. Os clientes do banco tamb\u00e9m reclamam da venda casada de produtos, o que infringe o C\u00f3digo de Defesa do Consumidor. A COE j\u00e1 denunciou essa situa\u00e7\u00e3o junto ao Recursos Humanos do banco, mas at\u00e9 o momento n\u00e3o houve uma resposta convincente.<\/p>\n<p>A comiss\u00e3o tamb\u00e9m denuncia as press\u00f5es sofridas pelos trabalhadores do banco. \u201cOs funcion\u00e1rios que escaparam das demiss\u00f5es, ainda t\u00eam que lidar com o ass\u00e9dio moral e com o aumento abusivo de metas, impostos por uma Superintend\u00eancia comercial draconiana e sem limites. Um absurdo sem precedentes\u201d, criticou o coordenador da COE do Mercantil.<\/p>\n<p><span style=\"text-decoration: underline;\"><strong>Fonte: Contraf-CUT<\/strong><\/span><\/p>\n","protected":false},"excerpt":{"rendered":"<p>A Comiss\u00e3o de Organiza\u00e7\u00e3o dos Empregados (COE) do Mercantil do Brasil decidiu realizar nesta quinta-feira (10) um Dia Nacional de Lutas em rep\u00fadio \u00e0s demiss\u00f5es realizadas pelo banco e tamb\u00e9m contra uma s\u00e9rie de problemas que afetam funcion\u00e1rios e clientes. As manifesta\u00e7\u00f5es v\u00e3o denunciar o ass\u00e9dio moral, as metas abusivas, a precariedade no atendimento banc\u00e1rio, [&hellip;]<\/p>\n","protected":false},"author":2,"featured_media":10108,"comment_status":"","ping_status":"","sticky":false,"template":"","format":"standard","meta":{"footnotes":""},"categories":[3],"tags":[],"class_list":["post-10109","post","type-post","status-publish","format-standard","has-post-thumbnail","hentry","category-noticias"],"_links":{"self":[{"href":"https:\/\/hostnetart.com.br\/baixada\/wp-json\/wp\/v2\/posts\/10109","targetHints":{"allow":["GET"]}}],"collection":[{"href":"https:\/\/hostnetart.com.br\/baixada\/wp-json\/wp\/v2\/posts"}],"about":[{"href":"https:\/\/hostnetart.com.br\/baixada\/wp-json\/wp\/v2\/types\/post"}],"author":[{"embeddable":true,"href":"https:\/\/hostnetart.com.br\/baixada\/wp-json\/wp\/v2\/users\/2"}],"replies":[{"embeddable":true,"href":"https:\/\/hostnetart.com.br\/baixada\/wp-json\/wp\/v2\/comments?post=10109"}],"version-history":[{"count":0,"href":"https:\/\/hostnetart.com.br\/baixada\/wp-json\/wp\/v2\/posts\/10109\/revisions"}],"wp:featuredmedia":[{"embeddable":true,"href":"https:\/\/hostnetart.com.br\/baixada\/wp-json\/wp\/v2\/media\/10108"}],"wp:attachment":[{"href":"https:\/\/hostnetart.com.br\/baixada\/wp-json\/wp\/v2\/media?parent=10109"}],"wp:term":[{"taxonomy":"category","embeddable":true,"href":"https:\/\/hostnetart.com.br\/baixada\/wp-json\/wp\/v2\/categories?post=10109"},{"taxonomy":"post_tag","embeddable":true,"href":"https:\/\/hostnetart.com.br\/baixada\/wp-json\/wp\/v2\/tags?post=10109"}],"curies":[{"name":"wp","href":"https:\/\/api.w.org\/{rel}","templated":true}]}}