{"id":10105,"date":"2020-12-09T03:02:06","date_gmt":"2020-12-09T06:02:06","guid":{"rendered":"https:\/\/hostnetart.com.br\/baixada\/atrasado-na-vacinacao-e-sem-rigor-no-isolamento-brasil-tem-mais-842-mortos-por-covid-19-em-24-horas\/"},"modified":"2020-12-09T03:02:06","modified_gmt":"2020-12-09T06:02:06","slug":"atrasado-na-vacinacao-e-sem-rigor-no-isolamento-brasil-tem-mais-842-mortos-por-covid-19-em-24-horas","status":"publish","type":"post","link":"https:\/\/hostnetart.com.br\/baixada\/atrasado-na-vacinacao-e-sem-rigor-no-isolamento-brasil-tem-mais-842-mortos-por-covid-19-em-24-horas\/","title":{"rendered":"Atrasado na vacina\u00e7\u00e3o e sem rigor no isolamento, Brasil tem mais 842 mortos por covid-19 em 24 horas"},"content":{"rendered":"<p>O Brasil est\u00e1 atrasado em rela\u00e7\u00e3o \u00e0 vacina\u00e7\u00e3o contra a covid-19. Interfer\u00eancia pol\u00edtica e negacionismo por parte do governo de Jair Bolsonaro,\u00a0<a href=\"https:\/\/www.redebrasilatual.com.br\/saude-e-ciencia\/2020\/12\/com-quase-180-mil-mortes-e-disputa-politica-em-vez-de-vacinacao-covid-19-avanca-no-brasil\/\" target=\"_blank\" rel=\"noopener noreferrer\">atrapalham os avan\u00e7os<\/a>\u00a0da imuniza\u00e7\u00e3o no pa\u00eds. A senten\u00e7a \u00e9 do epidemiologista da Funda\u00e7\u00e3o Oswaldo Cruz (Fiocruz) Jesem Orellana. Ele compara a situa\u00e7\u00e3o brasileira \u00e0 de pa\u00edses como Inglaterra e R\u00fassia, que j\u00e1 est\u00e3o em pleno processo de vacina\u00e7\u00e3o em massa, al\u00e9m de outros que j\u00e1 institu\u00edram um planejamento concreto para a prote\u00e7\u00e3o de suas popula\u00e7\u00f5es. Caso de Alemanha, Fran\u00e7a, Espanha e a vizinha Argentina, entre outros.<\/p>\n<p>\u201cA ci\u00eancia finalmente parece ter encontrado uma solu\u00e7\u00e3o satisfat\u00f3ria para o enfrentamento efetivo da pandemia de covid-19, embora saibamos que estamos um pouco distantes do fim dessa trag\u00e9dia. No entanto, o\u00a0<a href=\"https:\/\/www.redebrasilatual.com.br\/saude-e-ciencia\/2020\/12\/com-quase-180-mil-mortes-e-disputa-politica-em-vez-de-vacinacao-covid-19-avanca-no-brasil\/\" target=\"_blank\" rel=\"noopener noreferrer\">Brasil segue afundado na primeira onda da covid-19,<\/a>\u00a0a qual\u00a0<a href=\"https:\/\/www.redebrasilatual.com.br\/saude-e-ciencia\/2020\/12\/brasil-tem-pior-semana-de-casos-de-covid-19-desde-agosto\/\" target=\"_blank\" rel=\"noopener noreferrer\">n\u00e3o parece ter data para acabar<\/a>\u201c, disse \u00e0\u00a0<strong>RBA<\/strong>.<\/p>\n<p>Enquanto a Europa mostrou efici\u00eancia no controle de uma segunda onda de covid-19 que atingiu o continente nos \u00faltimos meses, o Brasil sequer conseguiu deixar a primeira. J\u00e1 s\u00e3o 178.159 mortos e 6.674.999 infectados desde o in\u00edcio da pandemia, em mar\u00e7o. Nas \u00faltimas 24 horas, foram 842 v\u00edtimas e 51.088 contaminados. As informa\u00e7\u00f5es s\u00e3o do Conselho Nacional de Secret\u00e1rios de Sa\u00fade (Conass) em boletim divulgado no in\u00edcio da noite de hoje (8). O\u00a0<a href=\"https:\/\/www.conass.org.br\/painelconasscovid19\/\" target=\"_blank\" rel=\"noopener noreferrer\">Brasil vive um momento de crescimento da epidemia<\/a>, enquanto n\u00e3o avan\u00e7a na elabora\u00e7\u00e3o de planos para a vacina\u00e7\u00e3o.<\/p>\n<p>Jesem lembra que o pa\u00eds testa muito pouco e comete o crime de desperdi\u00e7ar exames j\u00e1 comprados. Isso provoca ampla subnotifica\u00e7\u00e3o. S\u00e3o mais de 70 mil mortos por S\u00edndrome Respirat\u00f3ria Aguda Grave (Srag) n\u00e3o especificadas neste ano. Muitas delas possivelmente causadas por covid-19. \u201cO pesadelo est\u00e1 se prolongando e infectando brasileiros aos milh\u00f5es; causando adoecimento grave de outras dezenas de milhares; deixando sequelas neurol\u00f3gicas, psicol\u00f3gicas, card\u00edacas, respirat\u00f3rias, sociais, econ\u00f4micas, de ensino-aprendizagem em milh\u00f5es de estudantes; e, o pior, j\u00e1 matou mais de 200 mil brasileiros, entre mortes diretas e indiretas\u201d, alerta.<\/p>\n<h2><span style=\"text-decoration: underline;\">As vacinas<\/span><\/h2>\n<p>O governo federal segue em sua postura adotada durante toda a pandemia. Nega a gravidade da maior crise sanit\u00e1ria da humanidade em mais de 100 anos e rejeita a ci\u00eancia. Bolsonaro, pessoalmente, chega a fazer campanha contra vacinas e afirma que n\u00e3o vai tomar. Os ataques s\u00e3o mais agressivos contra a CoronaVac, vacina em elabora\u00e7\u00e3o pelo Instituto Butant\u00e3, em S\u00e3o Paulo, em parceria com a farmac\u00eautica chinesa Sinovac.<\/p>\n<p>Embora ainda falte a conclus\u00e3o do estudo final de efic\u00e1cia (previsto para o dia 15), o grande problema apontado \u00e9 a necessidade de aprova\u00e7\u00e3o da CoronaVac pela Anvisa. Questiona-se se \u00f3rg\u00e3o, ligado ao governo federal, pode dificultar a libera\u00e7\u00e3o do imunizante. Governadores e prefeitos, al\u00e9m da oposi\u00e7\u00e3o no Legislativo, j\u00e1 se organizam para for\u00e7ar o governo a n\u00e3o causar problemas.<\/p>\n<h2><span style=\"text-decoration: underline;\">Brasil \u00e0s escuras<\/span><\/h2>\n<p>Jesem Orellana v\u00ea a situa\u00e7\u00e3o brasileira como \u201cmuito preocupante\u201d. Tanto em rela\u00e7\u00e3o \u00e0 morosidade do processo de vacina\u00e7\u00e3o, como no avan\u00e7o da pandemia que volta a apresentar acentuada curva de crescimento de casos e mortes.<\/p>\n<p>Ainda sobre o processo de imuniza\u00e7\u00e3o, Jesem argumenta que \u201ca esta altura do campeonato, dever\u00edamos estar com a Anvisa profundamente envolvida no acompanhamento cont\u00ednuo de ao menos tr\u00eas vacinas atualmente em processos finais de desenvolvimento e muito pr\u00f3xima de anunciar o registro emergencial de ao menos uma. Ningu\u00e9m tem o direito, neste momento t\u00e3o cr\u00edtico, de esperar tanto pela vacina ideal ou pelo resultado ideal, especialmente com uma m\u00e9dia m\u00f3vel de \u00f3bitos se aproximando dos mil novamente\u201d.<\/p>\n<p>O cientista afirma \u00e0\u00a0<strong>RBA\u00a0<\/strong>que seria adequado um processo de planejamento para a vacina\u00e7\u00e3o, e lamenta o descaso com o eficiente e hist\u00f3rico programa de imuniza\u00e7\u00e3o brasileiro. \u201cEsta desarticula\u00e7\u00e3o nacional amea\u00e7a o atualmente Programa Nacional de Imuniza\u00e7\u00f5es (PNI), o mesmo que por d\u00e9cadas foi considerado um dos melhores do planeta e, sem d\u00favida, apesar de tudo, ainda \u00e9 um dos principais alicerces do tamb\u00e9m fragilizado e indispens\u00e1vel Sistema \u00danico de Sa\u00fade (SUS).\u201d<\/p>\n<p><strong>Leia a \u00edntegra do comunicado de Jesem, enviado com exclusividade \u00e0 RBA:<\/strong><\/p>\n<p><em><strong>O BRASIL SEGUE \u00c0S ESCURAS EM PLENA PANDEMIA<\/strong><\/p>\n<p>A ci\u00eancia finalmente parece ter encontrado uma solu\u00e7\u00e3o satisfat\u00f3ria para o enfrentamento efetivo da pandemia de COVID-19, embora saibamos que estamos um pouco distantes do fim dessa trag\u00e9dia. A R\u00fassia, por exemplo, diz ter vacinado 100 mil cidad\u00e3os com a Sputinik-V e, amanh\u00e3, o Reino Unido dar\u00e1 in\u00edcio a um complexo e desafiador processo de vacina\u00e7\u00e3o em massa com a promissora vacina da Pfizer\/BioNTech. A vizinha Argentina prometeu vacinar at\u00e9 300 mil com a Sputinik-V, ainda em 2020.<\/p>\n<p>N\u00e3o custa lembrar que h\u00e1 consider\u00e1veis evid\u00eancias sugerindo que ambas as vacinas s\u00e3o mais eficazes que a da AstraZeneca, a mesma que foi precocemente adquirida pelo Governo Brasileiro. Al\u00e9m disso, entre as vacinas em fase avan\u00e7ada de avalia\u00e7\u00e3o nos ensaios cl\u00ednicos de Fase III, h\u00e1 duas outras fortes candidatas, a da Moderna e a CoronaVac.<br \/><\/em><br \/><em>No entanto, o Brasil segue afundado na primeira onda da COVID-19, a qual n\u00e3o parece ter data para acabar. Ao contr\u00e1rio, o pesadelo est\u00e1 se prolongando e infectando brasileiros aos milh\u00f5es; causando adoecimento grave de outras dezenas de milhares; deixando sequelas neurol\u00f3gicas, psicol\u00f3gicas, card\u00edacas, respirat\u00f3rias, sociais, econ\u00f4micas, de ensino-aprendizagem em milh\u00f5es de estudantes; e, o pior, j\u00e1 matou mais de 200 mil brasileiros, entre mortes diretas (confirmadas por COVID-19) e indiretas (mortes por causa cardiovascular \u2013 devido ao caos sanit\u00e1rio provocado pela pandemia).<\/p>\n<p>Seguimos enxugando gelo, com uma estrat\u00e9gia de vigil\u00e2ncia diagn\u00f3stica e laboratorial que jamais deslanchou, devido a falhas graves de planejamento no n\u00edvel federal e ao baixo investimento financeiro, com efeito cascata para estados e munic\u00edpios. Prova disso \u00e9 a quantidade inaceit\u00e1vel dos milh\u00f5es de testes que seguem estocados ou sem uso oportuno, em um pa\u00eds mundialmente conhecido por testar pouco. N\u00e3o \u00e9 por acaso que temos mais de 70 mil mortes por S\u00edndrome Respirat\u00f3ria Aguda n\u00e3o especificada no Brasil.<\/p>\n<p>Enquanto isso, a solu\u00e7\u00e3o que tem sido dada em estados e munic\u00edpios \u00e9 priorizar a abertura de mais leitos cl\u00ednicos e de leitos de Unidade de Terapia Intensiva (UTI) na rede hospitalar, mesmo sabendo que em torno de 60 de cada 100 pacientes intubados em UTI e com COVID-19 v\u00e3o a \u00f3bito.<\/p>\n<p>\u201cMas, e da\u00ed? \u00c9 s\u00f3 uma gripezinha\u2026 Todo mundo um dia vai morrer!\u201d Essa \u00e9 a forma como o l\u00edder do executivo, Jair Bolsonaro, v\u00ea o problema. Faz desd\u00e9m da pandemia e aprofunda um patol\u00f3gico desgaste com o Legislativo nacional, com o Supremo Tribunal Federal e com tantos outros Prefeitos e Governadores do Brasil, em especial Jo\u00e3o D\u00f3ria do estado de S\u00e3o Paulo. Este, por sua vez, aproveita a falta de comando nacional para declarar seu pr\u00f3prio calend\u00e1rio de vacina\u00e7\u00e3o e lucrar politicamente, incluindo um populismo sanit\u00e1rio que promete vacinar qualquer brasileiro que n\u00e3o comprove resid\u00eancia na regi\u00e3o.<\/em><\/p>\n<p><em>Esta desarticula\u00e7\u00e3o nacional amea\u00e7a o Programa Nacional de Imuniza\u00e7\u00f5es (PNI), o mesmo que por d\u00e9cadas foi considerado um dos melhores do planeta e, sem d\u00favida, apesar de tudo, ainda \u00e9 um dos principais alicerces do tamb\u00e9m fragilizado e indispens\u00e1vel Sistema \u00danico de Sa\u00fade (SUS).<\/p>\n<p>A esta altura do campeonato, dever\u00edamos estar com a ANVISA profundamente envolvida no acompanhamento cont\u00ednuo de ao menos 3 vacinas candidatas e muito pr\u00f3xima de anunciar o registro emergencial de ao menos uma. Ningu\u00e9m tem o direito, neste momento t\u00e3o cr\u00edtico, de esperar tanto pela vacina ideal ou pelo resultado ideal, especialmente com uma m\u00e9dia m\u00f3vel de \u00f3bitos se aproximando dos mil novamente.<br \/>Dever\u00edamos estar, pelo menos, com uma vacina emergencialmente registrada, ainda que precisasse de refrigera\u00e7\u00e3o a -70\u00ba C ou -20\u00ba, pois poder\u00edamos estar vacinando trabalhadores de sa\u00fade de pontos estrat\u00e9gicos em regi\u00f5es metropolitanas, por exemplo. Poder\u00edamos sim aceitar o registro emergencial de vacinas como a Sputinik-V ou a CoronaVac, que ali\u00e1s s\u00e3o mais apropriadas para a rede de frio nacional e casa com parte da experi\u00eancia que o PNI j\u00e1 possui.<\/em><\/p>\n<p><em>Poder\u00edamos estar projetando diferentes cen\u00e1rios de operacionaliza\u00e7\u00e3o da log\u00edstica e da operacionaliza\u00e7\u00e3o da campanha nacional de imuniza\u00e7\u00e3o, bem como de treinamento\/recrutamento de trabalhadores de sa\u00fade e ampliando o n\u00famero e o conceito de \u201csala de vacina\u00e7\u00e3o\u201d (poder\u00edamos fazer postos volantes\/m\u00f3veis), em articula\u00e7\u00e3o com estados e munic\u00edpios, seja por terra, \u00e1gua ou ar. Enfim, a campanha em prol da vacina\u00e7\u00e3o contra a COVID-19 nas redes sociais, na televis\u00e3o e r\u00e1dio j\u00e1 deveria ter come\u00e7ado, bem como o cadastramento dos primeiros candidatos a serem imunizados e tantas outras estrat\u00e9gias fundamentais.<\/p>\n<p>Mas, nada disso foi feito ainda, seguimos \u00e0s escuras e, mais uma vez, atrasados devido a repetidas e inaceit\u00e1veis inger\u00eancias, com uma epidemia que voltou a se agravar com o relaxamento\/cansa\u00e7o da popula\u00e7\u00e3o, per\u00edodo eleitoral e agora com o agitado com\u00e9rcio de dezembro e as festas de fim de ano. Infelizmente, podemos ter nosso primeiro janeiro das lamenta\u00e7\u00f5es, ao inv\u00e9s do descanso e relaxamento t\u00edpico para a maioria, j\u00e1 que estamos sujeitos a passarmos o m\u00eas de janeiro lembrando os mortos do primeiro semestre ou os do segundo, n\u00famero que tende a aumentar por estes dias!<\/p>\n<p>Ultrapassamos todos os limites da irresponsabilidade e da inger\u00eancia. Est\u00e1 na hora de uma mudan\u00e7a dr\u00e1stica na condu\u00e7\u00e3o da epidemia de COVID-19. O Brasil, um pa\u00eds t\u00e3o rico, recursivo e com um povo t\u00e3o cheio de vida, n\u00e3o pode seguir \u00e0 deriva e sendo literalmente exterminado por seus governantes!<\/em><\/p>\n<p><strong>Fonte: Rede Brasil Atual<\/strong><\/p>\n","protected":false},"excerpt":{"rendered":"<p>O Brasil est\u00e1 atrasado em rela\u00e7\u00e3o \u00e0 vacina\u00e7\u00e3o contra a covid-19. Interfer\u00eancia pol\u00edtica e negacionismo por parte do governo de Jair Bolsonaro,\u00a0atrapalham os avan\u00e7os\u00a0da imuniza\u00e7\u00e3o no pa\u00eds. A senten\u00e7a \u00e9 do epidemiologista da Funda\u00e7\u00e3o Oswaldo Cruz (Fiocruz) Jesem Orellana. Ele compara a situa\u00e7\u00e3o brasileira \u00e0 de pa\u00edses como Inglaterra e R\u00fassia, que j\u00e1 est\u00e3o em [&hellip;]<\/p>\n","protected":false},"author":2,"featured_media":10104,"comment_status":"","ping_status":"","sticky":false,"template":"","format":"standard","meta":{"footnotes":""},"categories":[3],"tags":[],"class_list":["post-10105","post","type-post","status-publish","format-standard","has-post-thumbnail","hentry","category-noticias"],"_links":{"self":[{"href":"https:\/\/hostnetart.com.br\/baixada\/wp-json\/wp\/v2\/posts\/10105","targetHints":{"allow":["GET"]}}],"collection":[{"href":"https:\/\/hostnetart.com.br\/baixada\/wp-json\/wp\/v2\/posts"}],"about":[{"href":"https:\/\/hostnetart.com.br\/baixada\/wp-json\/wp\/v2\/types\/post"}],"author":[{"embeddable":true,"href":"https:\/\/hostnetart.com.br\/baixada\/wp-json\/wp\/v2\/users\/2"}],"replies":[{"embeddable":true,"href":"https:\/\/hostnetart.com.br\/baixada\/wp-json\/wp\/v2\/comments?post=10105"}],"version-history":[{"count":0,"href":"https:\/\/hostnetart.com.br\/baixada\/wp-json\/wp\/v2\/posts\/10105\/revisions"}],"wp:featuredmedia":[{"embeddable":true,"href":"https:\/\/hostnetart.com.br\/baixada\/wp-json\/wp\/v2\/media\/10104"}],"wp:attachment":[{"href":"https:\/\/hostnetart.com.br\/baixada\/wp-json\/wp\/v2\/media?parent=10105"}],"wp:term":[{"taxonomy":"category","embeddable":true,"href":"https:\/\/hostnetart.com.br\/baixada\/wp-json\/wp\/v2\/categories?post=10105"},{"taxonomy":"post_tag","embeddable":true,"href":"https:\/\/hostnetart.com.br\/baixada\/wp-json\/wp\/v2\/tags?post=10105"}],"curies":[{"name":"wp","href":"https:\/\/api.w.org\/{rel}","templated":true}]}}