{"id":10101,"date":"2020-12-08T03:22:39","date_gmt":"2020-12-08T06:22:39","guid":{"rendered":"https:\/\/hostnetart.com.br\/baixada\/uni-americas-defende-mais-integracao-regional-contra-retrocessos\/"},"modified":"2020-12-08T03:22:39","modified_gmt":"2020-12-08T06:22:39","slug":"uni-americas-defende-mais-integracao-regional-contra-retrocessos","status":"publish","type":"post","link":"https:\/\/hostnetart.com.br\/baixada\/uni-americas-defende-mais-integracao-regional-contra-retrocessos\/","title":{"rendered":"UNI Am\u00e9ricas defende mais integra\u00e7\u00e3o regional contra retrocessos"},"content":{"rendered":"<p>A 5\u00aa Confer\u00eancia Regional da UNI Am\u00e9ricas encerrou-se nesta sexta-feira (4) com um chamado por maior integra\u00e7\u00e3o dos pa\u00edses do continente para frear os retrocessos de um novo mundo do trabalho caracterizado por precariza\u00e7\u00e3o, desemprego e retirada de direitos.<\/p>\n<p>A UNI Am\u00e9ricas \u00e9 o bra\u00e7o nas am\u00e9ricas da UNI Global Union, sindicato global que re\u00fane entidades de 140 pa\u00edses, representando mais de 20 de milh\u00f5es de trabalhadores dos setores de servi\u00e7os em todos os continentes. A confer\u00eancia come\u00e7ou na quinta-feira 3 e reuniu centenas de entidades filiadas, entre elas a Contraf-CUT, que participou do evento com centenas de delegados banc\u00e1rios.<\/p>\n<p>Na confer\u00eancia foi eleita a nova diretoria da UNI Am\u00e9ricas, com a reelei\u00e7\u00e3o do dirigente sindical banc\u00e1rio brasileiro, M\u00e1rcio Monzane, para a secretaria-geral da entidade, e o dirigente Hector Daer para a presid\u00eancia. \u201cDevemos organizar, depois organizar mais, e se isso n\u00e3o for suficiente, continuar organizando nossos setores nas empresas multinacionais presentes na nossa regi\u00e3o\u201d, declarou Monzane.<\/p>\n<p><strong>Sindicatos fundamentais<\/strong><\/p>\n<p>A presidenta do Sindicato dos Banc\u00e1rios de S\u00e3o Paulo, Osasco e Regi\u00e3o, Ivone Silva, fez um pronunciamento no evento destacando que os sindicatos foram fundamentais para que os trabalhadores conseguissem o m\u00ednimo de prote\u00e7\u00e3o na pandemia. \u201cA Contraf-CUT conquistou, logo no in\u00edcio da pandemia, que os banc\u00e1rios conseguissem ficar em casa, em home office, e hoje boa parte deles continua em casa. Na nossa Campanha Nacional n\u00f3s conseguimos que a categoria n\u00e3o perdesse direito, fazendo a mobiliza\u00e7\u00e3o dos trabalhadores com o uso da tecnologia. Usamos a tecnologia a nosso favor\u201d, disse.<\/p>\n<p>Ivone destacou ainda que, apesar de os banc\u00e1rios n\u00e3o terem conseguido discutir o teletrabalho (home office) na mesa unificada da campanha (que re\u00fane os bancos privados e p\u00fablicos), o movimento sindical est\u00e1 conseguindo negociar a regulamenta\u00e7\u00e3o do home office banco a banco. \u201cSabemos que as empresas est\u00e3o aderindo ao teletrabalho como forma de reduzir custos, e os bancos tamb\u00e9m, e \u00e9 fundamental que isso seja regulamentado com garantias para os trabalhadores.\u201d<\/p>\n<p>\u201cNo Brasil temos um governo fascista, negacionista e que tem feito de tudo para desmontar todo o movimento sindical. Por isso a nossa organiza\u00e7\u00e3o em torno da UNI Am\u00e9ricas, enquanto trabalhadores do ramo financeiro, \u00e9 vital para que a gente possa barrar essas amea\u00e7as e mudan\u00e7as na vida dos banc\u00e1rios de toda a Am\u00e9rica Latina, e para que possamos barrar o avan\u00e7o do neoliberalismo e do fascismo no nosso continente e na Europa tamb\u00e9m\u201d, finalizou Ivone.<\/p>\n<p><strong>Comunica\u00e7\u00e3o como caminho<\/strong><\/p>\n<p>Neiva Ribeiro, a secret\u00e1ria-geral do Sindicato dos Banc\u00e1rios de S\u00e3o Paulo, Osasco e Regi\u00e3o, tamb\u00e9m se pronunciou e destacou a mo\u00e7\u00e3o 13 da 5\u00aa Confer\u00eancia que aborda comunica\u00e7\u00e3o. \u201cImportant\u00edssima, ainda mais nessa \u00e9poca de fake news. Nossa campanha foi feita usando a tecnologia em prol da nossa organiza\u00e7\u00e3o. Conseguimos fazer assembleias virtuais em todo o pa\u00eds, reunindo mais de 130 mil trabalhadores. Em outra \u00e9poca isso n\u00e3o seria poss\u00edvel.\u201d<\/p>\n<p>Neiva tamb\u00e9m chamou aten\u00e7\u00e3o para a necessidade de mais presen\u00e7a dos trabalhadores nas redes sociais, construindo uma narrativa que fa\u00e7a frente \u00e0s fake news e \u00e0 ideologia conservadora e neoliberal. \u201cPrecisamos usar uma linguagem mais jovem, uma linguagem mais acess\u00edvel para sermos compreendidos e ouvidos e disputar essa narrativa com o fascismo, o conservadorismo e os extremismos de direita todos.\u201d<\/p>\n<p>Neiva ressaltou que a comunica\u00e7\u00e3o no Brasil \u00e9 hegemonizada pelo mercado financeiro, pelas igrejas neopentecostais, pelo agroneg\u00f3cio e pelas grandes corpora\u00e7\u00f5es. E citou o projeto da Rede Brasil Atual que inclui site, R\u00e1dio Brasil Atual e TVT (TV dos Trabalhadores), como uma iniciativa para fazer frente a isso. \u201cS\u00e3o os ve\u00edculos onde conseguimos colocar o nosso ponto de vista como trabalhadores, as quest\u00f5es de g\u00eanero, o problema do racismo, da LGBTfobia, destacamos a import\u00e2ncia dos sindicatos na organiza\u00e7\u00e3o dos trabalhadores. Porque nos outros meios de comunica\u00e7\u00e3o n\u00f3s n\u00e3o temos esses espa\u00e7o: no Brasil, apenas 11 fam\u00edlias controlam toda a comunica\u00e7\u00e3o que chega aos trabalhadores. Precisamos fortalecer um projeto de comunica\u00e7\u00e3o global, do ponto de vista da classe trabalhadora.\u201d<\/p>\n<p><strong>Novos ventos<\/strong><\/p>\n<p>A presidenta da Contraf-CUT, Juvandia Moreira, tamb\u00e9m se pronunciou e apontou para a necessidade urgente de reagir contra os retrocessos que t\u00eam ocorrido no mundo, reafirmando valores fundamentais, como a justi\u00e7a social, a inclus\u00e3o, a defesa da democracia: \u201cFicou claro com a pandemia, que o neoliberalismo \u00e9 injusto. \u00c9 fundamental combater as desigualdades sociais, os ataques \u00e0 democracia, e lutar por um novo projeto social. J\u00e1 tivemos na Am\u00e9rica governos progressistas como o de Lula, no Brasil, e o de Cristina Kirchner, na Argentina. E passamos a viver retrocessos como o Bolsonaro aqui e o Trump nos EUA. Agora os bons ventos da mudan\u00e7a voltaram a soprar na Am\u00e9rica Latina e espero que juntos possamos ter uma integra\u00e7\u00e3o regional que nos auxilie a fazer essa mudan\u00e7a em todos os pa\u00edses do continente. E s\u00f3 podemos fazer isso juntos\u201d, disse.<\/p>\n<p><strong>Voz para milh\u00f5es de trabalhadores<\/strong><\/p>\n<p>O ex-presidente Lula foi convidado especial do evento, e tamb\u00e9m ressaltou os retrocessos por que passa o mundo, com o recrudescimento do neoliberalismo. \u201cEfetivamente estamos perdendo parte das coisas que conquistamos no s\u00e9culo 20\u201d, disse, ao apontar a organiza\u00e7\u00e3o global como um caminho para frear esse decl\u00ednio. \u201cConsidero louv\u00e1vel e muito importante que a UNI Am\u00e9ricas se preocupe em discutir a quest\u00e3o do mundo do trabalho e das condi\u00e7\u00f5es dos trabalhadores em todo o mundo. E gostaria de pedir a voc\u00eas, companheiros da UNI Am\u00e9ricas, que sejam a voz de milh\u00f5es e milh\u00f5es de seres humanos que trabalham todos os dias\u201d, declarou.<\/p>\n<p><strong>Confer\u00eancias da UNI<\/strong><\/p>\n<p>Al\u00e9m da 5\u00aa Confer\u00eancia Regional da UNI Am\u00e9ricas, foram realizadas tamb\u00e9m nesta semana a 5\u00aa Confer\u00eancia da Juventude da UNI Am\u00e9ricas, na ter\u00e7a-feira (1\u00ba), e a 6\u00aa Confer\u00eancia da UNI Am\u00e9ricas Mulheres, na quarta-feira (2). Na pr\u00f3xima semana, dias 10 e 11, acontece a Confer\u00eancia da UNI Am\u00e9rica Finan\u00e7as.<\/p>\n<p><span style=\"text-decoration: underline;\"><strong>Fonte: Contraf-CUT<\/strong><\/span><\/p>\n","protected":false},"excerpt":{"rendered":"<p>A 5\u00aa Confer\u00eancia Regional da UNI Am\u00e9ricas encerrou-se nesta sexta-feira (4) com um chamado por maior integra\u00e7\u00e3o dos pa\u00edses do continente para frear os retrocessos de um novo mundo do trabalho caracterizado por precariza\u00e7\u00e3o, desemprego e retirada de direitos. A UNI Am\u00e9ricas \u00e9 o bra\u00e7o nas am\u00e9ricas da UNI Global Union, sindicato global que re\u00fane [&hellip;]<\/p>\n","protected":false},"author":2,"featured_media":10100,"comment_status":"","ping_status":"","sticky":false,"template":"","format":"standard","meta":{"footnotes":""},"categories":[3],"tags":[],"class_list":["post-10101","post","type-post","status-publish","format-standard","has-post-thumbnail","hentry","category-noticias"],"_links":{"self":[{"href":"https:\/\/hostnetart.com.br\/baixada\/wp-json\/wp\/v2\/posts\/10101","targetHints":{"allow":["GET"]}}],"collection":[{"href":"https:\/\/hostnetart.com.br\/baixada\/wp-json\/wp\/v2\/posts"}],"about":[{"href":"https:\/\/hostnetart.com.br\/baixada\/wp-json\/wp\/v2\/types\/post"}],"author":[{"embeddable":true,"href":"https:\/\/hostnetart.com.br\/baixada\/wp-json\/wp\/v2\/users\/2"}],"replies":[{"embeddable":true,"href":"https:\/\/hostnetart.com.br\/baixada\/wp-json\/wp\/v2\/comments?post=10101"}],"version-history":[{"count":0,"href":"https:\/\/hostnetart.com.br\/baixada\/wp-json\/wp\/v2\/posts\/10101\/revisions"}],"wp:featuredmedia":[{"embeddable":true,"href":"https:\/\/hostnetart.com.br\/baixada\/wp-json\/wp\/v2\/media\/10100"}],"wp:attachment":[{"href":"https:\/\/hostnetart.com.br\/baixada\/wp-json\/wp\/v2\/media?parent=10101"}],"wp:term":[{"taxonomy":"category","embeddable":true,"href":"https:\/\/hostnetart.com.br\/baixada\/wp-json\/wp\/v2\/categories?post=10101"},{"taxonomy":"post_tag","embeddable":true,"href":"https:\/\/hostnetart.com.br\/baixada\/wp-json\/wp\/v2\/tags?post=10101"}],"curies":[{"name":"wp","href":"https:\/\/api.w.org\/{rel}","templated":true}]}}