{"id":10099,"date":"2020-12-08T03:17:59","date_gmt":"2020-12-08T06:17:59","guid":{"rendered":"https:\/\/hostnetart.com.br\/baixada\/assembleia-dia-9-quarta-feira-ira-deliberar-sobre-proposta-de-teletrabalho-no-bb\/"},"modified":"2020-12-08T03:17:59","modified_gmt":"2020-12-08T06:17:59","slug":"assembleia-dia-9-quarta-feira-ira-deliberar-sobre-proposta-de-teletrabalho-no-bb","status":"publish","type":"post","link":"https:\/\/hostnetart.com.br\/baixada\/assembleia-dia-9-quarta-feira-ira-deliberar-sobre-proposta-de-teletrabalho-no-bb\/","title":{"rendered":"Assembleia dia 9, quarta-feira, ir\u00e1 deliberar sobre proposta de teletrabalho no BB"},"content":{"rendered":"<div class=\"\" data-block=\"true\" data-editor=\"cpevg\" data-offset-key=\"bo6mn-0-0\">\n<div class=\"\" data-block=\"true\" data-editor=\"cpevg\" data-offset-key=\"etst2-0-0\">\n<div class=\"_1mf _1mj\" data-offset-key=\"etst2-0-0\"><span data-offset-key=\"etst2-0-0\">Funcion\u00e1rias e funcion\u00e1rios do Banco do Brasil ir\u00e3o deliberar, em assembleia virtual nesta quarta-feira (9 de dezembro), sobre a proposta de acordo de teletrabalho apresentada pelo BB, que ter\u00e1 validade ap\u00f3s a pandemia. At\u00e9 l\u00e1,\u00a0<\/span><span class=\"py34i1dx\"><span data-offset-key=\"etst2-1-0\">o acordo emergencial aprovado em julho pelos funcion\u00e1rios do banco<\/span><\/span><span data-offset-key=\"etst2-2-0\">, tamb\u00e9m em assembleia, continuar\u00e1 valendo.<\/span><\/div>\n<\/div>\n<div class=\"\" data-block=\"true\" data-editor=\"cpevg\" data-offset-key=\"2dopo-0-0\">\n<div class=\"_1mf _1mj\" data-offset-key=\"2dopo-0-0\"><span data-offset-key=\"2dopo-0-0\">\u00a0<\/span><\/div>\n<\/div>\n<div class=\"\" data-block=\"true\" data-editor=\"cpevg\" data-offset-key=\"9ra1n-0-0\">\n<div class=\"_1mf _1mj\" data-offset-key=\"9ra1n-0-0\"><span data-offset-key=\"9ra1n-0-0\">A assembleia ocorrer\u00e1 das 8h at\u00e9 as 23h59.<\/span><\/div>\n<\/div>\n<div class=\"\" data-block=\"true\" data-editor=\"cpevg\" data-offset-key=\"8rmga-0-0\">\n<div class=\"_1mf _1mj\" data-offset-key=\"8rmga-0-0\">\u00a0<\/div>\n<div class=\"_1mf _1mj\" data-offset-key=\"8rmga-0-0\">Para votar e participar, basta acessar o link de vota\u00e7\u00e3o:\u00a0<a href=\"https:\/\/bancarios.votabem.com.br\/\">https:\/\/bancarios.votabem.com.br\/<\/a><\/div>\n<div class=\"_1mf _1mj\" data-offset-key=\"8rmga-0-0\">\u00a0<\/div>\n<div class=\"_1mf _1mj\" data-offset-key=\"8rmga-0-0\">O link estar\u00e1, tamb\u00e9m, dispon\u00edvel em nosso site (<a href=\"http:\/\/www.bancariosbaixada.org.br\/\">http:\/\/www.bancariosbaixada.org.br\/<\/a>)<\/div>\n<\/div>\n<div class=\"\" data-block=\"true\" data-editor=\"cpevg\" data-offset-key=\"espnf-0-0\">\n<div class=\"_1mf _1mj\" data-offset-key=\"espnf-0-0\">\u00a0<\/div>\n<div class=\"_1mf _1mj\" data-offset-key=\"espnf-0-0\">IMPORTANTE: O Sindicato, com base no parecer da Comiss\u00e3o de Empresa dos Funcion\u00e1rios do Banco do Brasil (CEBB), orienta a aprova\u00e7\u00e3o da proposta de teletrabalho.<\/div>\n<\/div>\n<div class=\"\" data-block=\"true\" data-editor=\"cpevg\" data-offset-key=\"8pjp1-0-0\">\n<div class=\"_1mf _1mj\" data-offset-key=\"8pjp1-0-0\"><span data-offset-key=\"8pjp1-0-0\">\u00a0<\/span><\/div>\n<\/div>\n<div class=\"\" data-block=\"true\" data-editor=\"cpevg\" data-offset-key=\"fm3ja-0-0\">\n<div class=\"_1mf _1mj\" data-offset-key=\"fm3ja-0-0\"><span data-offset-key=\"fm3ja-0-0\">A priori, a proposta do banco era de come\u00e7ar a pagar a ajuda de custo somente a partir de julho mas, ap\u00f3s press\u00e3o da representa\u00e7\u00e3o dos trabalhadores, o BB aceitou come\u00e7ar a pagar assim que os funcion\u00e1rios aderirem \u00e0 nova modalidade de trabalho.<\/span><\/div>\n<\/div>\n<div class=\"\" data-block=\"true\" data-editor=\"cpevg\" data-offset-key=\"7jpqs-0-0\">\n<div class=\"_1mf _1mj\" data-offset-key=\"7jpqs-0-0\"><span data-offset-key=\"7jpqs-0-0\">\u00a0<\/span><\/div>\n<\/div>\n<div class=\"\" data-block=\"true\" data-editor=\"cpevg\" data-offset-key=\"5qikd-0-0\">\n<div class=\"_1mf _1mj\" data-offset-key=\"5qikd-0-0\"><span data-offset-key=\"5qikd-0-0\">O Estado de Calamidade em todo o pa\u00eds em decorr\u00eancia da pandemia tem vig\u00eancia at\u00e9 o dia 31 de dezembro mas, caso o governo federal estenda este prazo, o Acordo Emergencial de Teletrabalho do Banco do Brasil \u00e9 automaticamente estendido. Veja abaixo os principais pontos da proposta de acordo e, ao final do texto,\u00a0o edital.<\/span><\/div>\n<\/div>\n<h3><strong>Resumo da proposta<\/strong><\/h3>\n<p><strong>Defini\u00e7\u00e3o de Trabalho Remoto<\/strong><\/p>\n<p>Toda e qualquer presta\u00e7\u00e3o de servi\u00e7os realizada remotamente, de forma preponderante ou n\u00e3o, fora das depend\u00eancias do banco ou em local diferente do de lota\u00e7\u00e3o do funcion\u00e1rio, com a utiliza\u00e7\u00e3o de tecnologias da informa\u00e7\u00e3o e comunica\u00e7\u00e3o.<\/p>\n<p><strong>Modalidades do Trabalho<\/strong><\/p>\n<p>O Trabalho Remoto no BB poder\u00e1 ocorrer:<\/p>\n<p>a) Na resid\u00eancia do funcion\u00e1rio, o qual se denomina home office;<br \/>b) Em outras depend\u00eancias do banco, empresas parceiras ou em coworkings (espa\u00e7os colaborativos) internos, o qual se denomina on office.<\/p>\n<p>Excepcionalmente, h\u00e1 a possibilidade da realiza\u00e7\u00e3o do Trabalho Remoto fora da pra\u00e7a de lota\u00e7\u00e3o, por interesse do funcion\u00e1rio, sendo necess\u00e1ria a autoriza\u00e7\u00e3o do comit\u00ea da unidade gestora.<\/p>\n<p><strong>Equipamentos para o Trabalho Remoto<\/strong><\/p>\n<p>a) Equipamento eletr\u00f4nico corporativo (desktop ou notebook);<br \/>b) Acess\u00f3rios (mouse, teclado, headset);<br \/>c) Cadeira ergon\u00f4mica.<\/p>\n<p><strong>Ajuda de custo<\/strong><\/p>\n<p>a) R$ 80,00\/m\u00eas para funcion\u00e1rios que atuem em mais de 50% dos dias \u00fateis do m\u00eas e tenham aderido ao trabalho remoto, na modalidade home office.<\/p>\n<p><strong>Outros itens do acordo<\/strong><\/p>\n<p>Facultatividade: a\u00a0ades\u00e3o ao teletrabalho deve ser facultativa ao funcion\u00e1rio;<\/p>\n<p>Controle de jornada: o\u00a0banco implantar\u00e1 um sistema de controle da jornada, para evitar que haja excesso de trabalho e \u201cpedidos\u201d fora do expediente;<\/p>\n<p>Desconex\u00e3o: ser\u00e3o dadas instru\u00e7\u00f5es e orienta\u00e7\u00f5es para desconex\u00e3o em hor\u00e1rios fora do expediente;<\/p>\n<p>Manuten\u00e7\u00e3o dos equipamentos: ser\u00e1 de responsabilidade do banco;<\/p>\n<p>Preocupa\u00e7\u00e3o com a sa\u00fade: al\u00e9m de oferecer equipamentos ergon\u00f4micos, o banco se compromete a manter cuidados especiais com a sa\u00fade dos funcion\u00e1rios que exercerem suas atividades em home office;<\/p>\n<p>Viol\u00eancia dom\u00e9stica: conforme estabelecido na Conven\u00e7\u00e3o Coletiva de Trabalho (CCT) da categoria, o banco criar\u00e1 uma Central de Atendimentos para as banc\u00e1rias v\u00edtimas de viol\u00eancia dom\u00e9stica;<\/p>\n<p>Aux\u00edlio refei\u00e7\u00e3o e alimenta\u00e7\u00e3o e vale transporte: ser\u00e3o mantidos os direitos aos vales refei\u00e7\u00e3o, alimenta\u00e7\u00e3o e ao vale-transporte;<\/p>\n<p>Acompanhamento pelo sindicato: os sindicatos ter\u00e3o acesso aos funcion\u00e1rios que exercerem seus trabalhos fora das depend\u00eancias do banco.<\/p>\n<p>\u00a0<\/p>\n<p>PARTICIPEM!<\/p>\n<div class=\"_1mf _1mj\" data-offset-key=\"bo6mn-0-0\">\u00a0<\/div>\n<\/div>\n<div class=\"\" data-block=\"true\" data-editor=\"cpevg\" data-offset-key=\"e7irk-0-0\">\u00a0<\/div>\n<div class=\"\" data-block=\"true\" data-editor=\"cpevg\" data-offset-key=\"etst2-0-0\">\u00a0<\/div>\n<div class=\"\" data-block=\"true\" data-editor=\"cpevg\" data-offset-key=\"5qikd-0-0\">\u00a0<\/div>\n<div class=\"\" data-block=\"true\" data-editor=\"cpevg\" data-offset-key=\"4u34k-0-0\">\n<div class=\"_1mf _1mj\" data-offset-key=\"4u34k-0-0\"><span data-offset-key=\"4u34k-0-0\">\u00a0<\/span><\/div>\n<\/div>\n<div class=\"_1mf _1mj\" data-offset-key=\"e9r57-0-0\">\u00a0<\/div>\n<div class=\"\" data-block=\"true\" data-editor=\"cpevg\" data-offset-key=\"6n97s-0-0\">\u00a0<\/div>\n<div class=\"\" data-block=\"true\" data-editor=\"cpevg\" data-offset-key=\"4u7lp-0-0\">\n<div class=\"_1mf _1mj\" data-offset-key=\"4u7lp-0-0\"><span data-offset-key=\"4u7lp-0-0\">\u00a0<\/span><\/div>\n<\/div>\n<div class=\"\" data-block=\"true\" data-editor=\"cpevg\" data-offset-key=\"da3o3-0-0\">\u00a0<\/div>\n","protected":false},"excerpt":{"rendered":"<p>Funcion\u00e1rias e funcion\u00e1rios do Banco do Brasil ir\u00e3o deliberar, em assembleia virtual nesta quarta-feira (9 de dezembro), sobre a proposta de acordo de teletrabalho apresentada pelo BB, que ter\u00e1 validade ap\u00f3s a pandemia. At\u00e9 l\u00e1,\u00a0o acordo emergencial aprovado em julho pelos funcion\u00e1rios do banco, tamb\u00e9m em assembleia, continuar\u00e1 valendo. \u00a0 A assembleia ocorrer\u00e1 das 8h [&hellip;]<\/p>\n","protected":false},"author":2,"featured_media":10098,"comment_status":"","ping_status":"","sticky":false,"template":"","format":"standard","meta":{"footnotes":""},"categories":[8],"tags":[],"class_list":["post-10099","post","type-post","status-publish","format-standard","has-post-thumbnail","hentry","category-bancarios"],"_links":{"self":[{"href":"https:\/\/hostnetart.com.br\/baixada\/wp-json\/wp\/v2\/posts\/10099","targetHints":{"allow":["GET"]}}],"collection":[{"href":"https:\/\/hostnetart.com.br\/baixada\/wp-json\/wp\/v2\/posts"}],"about":[{"href":"https:\/\/hostnetart.com.br\/baixada\/wp-json\/wp\/v2\/types\/post"}],"author":[{"embeddable":true,"href":"https:\/\/hostnetart.com.br\/baixada\/wp-json\/wp\/v2\/users\/2"}],"replies":[{"embeddable":true,"href":"https:\/\/hostnetart.com.br\/baixada\/wp-json\/wp\/v2\/comments?post=10099"}],"version-history":[{"count":0,"href":"https:\/\/hostnetart.com.br\/baixada\/wp-json\/wp\/v2\/posts\/10099\/revisions"}],"wp:featuredmedia":[{"embeddable":true,"href":"https:\/\/hostnetart.com.br\/baixada\/wp-json\/wp\/v2\/media\/10098"}],"wp:attachment":[{"href":"https:\/\/hostnetart.com.br\/baixada\/wp-json\/wp\/v2\/media?parent=10099"}],"wp:term":[{"taxonomy":"category","embeddable":true,"href":"https:\/\/hostnetart.com.br\/baixada\/wp-json\/wp\/v2\/categories?post=10099"},{"taxonomy":"post_tag","embeddable":true,"href":"https:\/\/hostnetart.com.br\/baixada\/wp-json\/wp\/v2\/tags?post=10099"}],"curies":[{"name":"wp","href":"https:\/\/api.w.org\/{rel}","templated":true}]}}