{"id":10093,"date":"2020-12-07T12:20:18","date_gmt":"2020-12-07T15:20:18","guid":{"rendered":"https:\/\/hostnetart.com.br\/baixada\/cee-caixa-cobra-posicionamento-transparente-da-caixa-e-mais-respeito-com-os-empregados\/"},"modified":"2020-12-07T12:20:18","modified_gmt":"2020-12-07T15:20:18","slug":"cee-caixa-cobra-posicionamento-transparente-da-caixa-e-mais-respeito-com-os-empregados","status":"publish","type":"post","link":"https:\/\/hostnetart.com.br\/baixada\/cee-caixa-cobra-posicionamento-transparente-da-caixa-e-mais-respeito-com-os-empregados\/","title":{"rendered":"CEE\/Caixa cobra posicionamento transparente da Caixa e mais respeito com os empregados"},"content":{"rendered":"<p>Na tarde desta quinta-feira (3), durante reuni\u00e3o da mesa permanente entre a Comiss\u00e3o Executiva dos Empregados da Caixa (CEE\/Caixa) e a dire\u00e7\u00e3o da Caixa, os representantes dos empregados criticaram a falta de posicionamento do banco p\u00fablico na defesa da empresa e de seus empregados. Dentre os principais temas abordados estavam teletrabalho, banco de horas, metas e contrata\u00e7\u00f5es.<\/p>\n<p>O debate teve in\u00edcio com um protesto da Comiss\u00e3o contra a charge publicada no jornal A Tarde, da Bahia, que desrespeitou o corpo funcional da empresa e a sua pr\u00f3pria imagem. A Caixa silenciou, n\u00e3o respondendo se adotaria alguma medida.<\/p>\n<p>A CEE Caixa protestou contra a reestrutura\u00e7\u00e3o e a dire\u00e7\u00e3o do banco afirmou que n\u00e3o est\u00e1 ocorrendo uma reestrutura\u00e7\u00e3o e sim um movimento de mudan\u00e7as que teria ocorrido por conta da necessidade de reduzir custos al\u00e9m de reorganiza\u00e7\u00e3o interna. Os representantes dos trabalhadores indagaram a vis\u00edvel falta de planejamento pr\u00e9vio e di\u00e1logo entre as vice-presid\u00eancias (VPs), visto que ocorreram informa\u00e7\u00f5es desencontradas durante o debate.<\/p>\n<p>\u201cOs trabalhadores est\u00e3o ainda mais ansiosos sem saber o que ir\u00e1 acontecer, e n\u00e3o podemos esquecer que ainda estamos vivendo no meio de uma pandemia. Por isso, \u00e9 necess\u00e1rio ampliar o debate sobre os cuidados que a Caixa precisa ter com os colegas. O que est\u00e1 havendo \u00e9 uma falta de respeito com os empregados e suas trajet\u00f3rias. A falta de informa\u00e7\u00e3o est\u00e1 afetando a sa\u00fade dos empregados\u201d, ressaltou a coordenadora da CEE Caixa e secret\u00e1ria da Cultura da Contraf-CUT, Fabiana Uehara Proscholdt.<\/p>\n<p><strong>Sem rumo e falta de planejamento<\/strong><\/p>\n<p>Entre os principais pontos destacados na ocasi\u00e3o, a Comiss\u00e3o ressaltou a import\u00e2ncia de a Caixa ter refor\u00e7ado a mesa de negocia\u00e7\u00e3o, com a presen\u00e7a de diversas \u00e1reas. O que possibilita que as quest\u00f5es possam ser sanadas de forma mais r\u00e1pida e direta.<\/p>\n<p>Com a falta de rumo da dire\u00e7\u00e3o da Caixa, a CEE Caixa questionou as mudan\u00e7as nas \u00e1reas do banco e a total falta de planejamento nestes processos. \u201cA categoria est\u00e1 muito sofrida. Deem transpar\u00eancia. Deem suporte aos colegas. As pessoas n\u00e3o aguentam mais. Seja em \u00e1rea meio, seja em ag\u00eancia\u201d, ressaltou o representante da Federa\u00e7\u00e3o dos Empregados em Estabelecimentos Banc\u00e1rios dos Estados da Bahia e Sergipe (FEEB SE\/BA) e membro da CEE, Emanoel Souza.<\/p>\n<p>A Comiss\u00e3o tamb\u00e9m destacou a situa\u00e7\u00e3o dos empregados, que est\u00e3o extremamente sobrecarregados e t\u00eam sido surpreendidos por medidas unilaterais tomadas pela empresa, com a entrega dos pr\u00e9dios e mudan\u00e7as das unidades. \u201cN\u00e3o temos clareza de que esse movimento vai se traduzir em alguma vantagem para a Caixa, na quest\u00e3o de economia contratual ou melhorias de processos e em especial para os pr\u00f3prios empregados\u201d, refor\u00e7ou o representante da Federa\u00e7\u00e3o dos Empregados em Estabelecimentos Banc\u00e1rios dos Estados de S\u00e3o Paulo e Mato Grosso do Sul (FEEB-SP\/MS) e membro da CEE, Carlos Augusto Silva.<\/p>\n<p>O banco informou que h\u00e1 uma diretriz de n\u00e3o trocar as pessoas de munic\u00edpios. A CEE pleiteou uma mesa espec\u00edfica para tratar do tema o mais breve poss\u00edvel. Mas ainda n\u00e3o houve retorno.<\/p>\n<p><strong>Teletrabalho<\/strong><\/p>\n<p>O debate sobre o teletrabalho entre os empregados e a dire\u00e7\u00e3o da Caixa esbarrou no controle da jornada, item no qual o banco informou que n\u00e3o quer clausular o controle. A proposta apresentada pelo banco sobre o teletrabalho foi de um modelo h\u00edbrido \u2013 parte presencial, parte em home office, definido de acordo com pesquisa realizada pelo banco.<\/p>\n<p>A proposta apresentada pela Caixa n\u00e3o permite o controle de jornada. Eles argumentaram que o aumento na flexibilidade iria proporcionar, por exemplo, mais autonomia para os empregados. J\u00e1 para os representantes dos empregados, o teletrabalho deve ser opcional pelo funcion\u00e1rio e n\u00e3o uma imposi\u00e7\u00e3o da empresa.<\/p>\n<p>Segundo a CEE, a falta do controle de jornada pode gerar problemas na sa\u00fade do trabalhador e at\u00e9 no pagamento das horas extras. \u201cEstamos vivendo num momento at\u00edpico. Sabemos que \u00e9 fundamental pensar muito sobre o teletrabalho. Pois, muitos empregados apresentam exaust\u00e3o devido a jornada extensiva e as metas abusivas. Portanto, consideramos que a aus\u00eancia do ponto eletr\u00f4nico \u00e9 muito grave, pois a longo prazo isso pode agravar os problemas de sa\u00fade dos empregados. O colega tem que ter direito a desconex\u00e3o\u201d, explicou Fabiana.<\/p>\n<p>A Comiss\u00e3o tamb\u00e9m cobrou da Caixa proposta de ressarcimento das despesas com energia el\u00e9trica e internet.<\/p>\n<p><strong>Banco de horas<\/strong><\/p>\n<p>A Caixa apresentou uma proposta que possibilita que os empregados possam trabalhar duas horas a mais por dia em determinada semana para realizar a compensa\u00e7\u00e3o de um dia completo, para assuntos de seu interesse, podendo prorrogar as licen\u00e7as permitidas, ap\u00f3s negocia\u00e7\u00e3o com o gestor.<\/p>\n<p>A CEE apontou que o momento atual, com pagamento do aux\u00edlio emergencial e abertura das ag\u00eancias aos s\u00e1bados, com enorme sobrecarga de trabalho, dificulta a discuss\u00e3o do tema, mas que far\u00e1 an\u00e1lise e construir\u00e1 alternativas junto com as entidades e empregados.<\/p>\n<p><strong>Contrata\u00e7\u00f5es<\/strong><\/p>\n<p>A CEE\/Caixa j\u00e1 havia enviado um of\u00edcio cobrando a dire\u00e7\u00e3o do banco para mais contrata\u00e7\u00f5es. Com o PDV e sem reposi\u00e7\u00e3o aumentar\u00e1 a sobrecarga para todos os trabalhadores.<\/p>\n<p>A Caixa informou n\u00e3o haver autoriza\u00e7\u00e3o da Secretaria de Coordena\u00e7\u00e3o e Governan\u00e7a das Empresas Estatais (SEST) para fazer mais contrata\u00e7\u00f5es. Al\u00e9m disso, os representantes da dire\u00e7\u00e3o do banco afirmaram que o perfil dos clientes tem mudado para um modelo mais aut\u00f4nomo e menos dependente das ag\u00eancias, e que, at\u00e9 o momento, n\u00e3o h\u00e1 a previs\u00e3o do fechamento de unidades, que \u00e9 algo que poderia recompor as equipes das unidades restantes.<\/p>\n<p><strong>Recolhimento das fun\u00e7\u00f5es<\/strong><\/p>\n<p>A CEE questionou o recolhimento das fun\u00e7\u00f5es de empregados que aderiram ao PDV. A Caixa respondeu que tal movimento j\u00e1 teria ocorrido em PDVs anteriores, e que as fun\u00e7\u00f5es consideradas estrat\u00e9gicas n\u00e3o seriam recolhidas. Caixas, Tesoureiros, Assistentes e outras, n\u00e3o foram consideradas estrat\u00e9gicas pela empresa.<\/p>\n<p><strong>PQV<\/strong><\/p>\n<p>A Caixa apresentou o Programa de Incentivo \u00e0s Pr\u00e1ticas de Vendas (PQV). A Comiss\u00e3o destacou que o programa responsabiliza o empregado que trabalha para alcan\u00e7ar as metas abusivas impostas pela pr\u00f3pria Caixa. Devido ao hor\u00e1rio extenso da reuni\u00e3o, o assunto ficou pendente e ainda ser\u00e1 debatido mais profundamente em uma pr\u00f3xima mesa de negocia\u00e7\u00e3o.<\/p>\n<p><strong>Outras decis\u00f5es:<\/strong><\/p>\n<p>\u2013 O trabalho remoto continua at\u00e9 30 de janeiro de 2021<\/p>\n<p>\u2013 A CEE reivindicou a renova\u00e7\u00e3o do acordo da Comiss\u00e3o de Concilia\u00e7\u00e3o Volunt\u00e1ria (CCV), que vence em 31\/12\/2020. A Caixa respondeu que est\u00e1 alterando a minuta e ir\u00e1 submeter \u00e0 Comiss\u00e3o, que solicitou que o processo seja agilizado.<\/p>\n<p>\u2013 Houve cobran\u00e7a ainda sobre a readequa\u00e7\u00e3o das metas pois os empregados est\u00e3o j\u00e1 estafados<\/p>\n<p>\u2013 A CEE solicitou novamente a n\u00e3o abertura das ag\u00eancias aos s\u00e1bados. Houve um compromisso em mesa de negocia\u00e7\u00e3o por parte da Caixa de que iria negociar junto ao governo um calend\u00e1rio que n\u00e3o necessite do trabalho aos s\u00e1bados.<\/p>\n<p>\u2013 A Comiss\u00e3o pediu ainda um refor\u00e7o nos protocolos contra o Covid19 nas unidades<\/p>\n<p>\u2013 GT Promo\u00e7\u00e3o por M\u00e9rito: Questionada pela CEE, a Caixa respondeu que deve agendar uma data para a pr\u00f3xima semana.<\/p>\n<p>\u2013 GT Sa\u00fade Caixa: A Caixa respondeu que houve uma reestrutura\u00e7\u00e3o na \u00e1rea, e que deve agendar a reuni\u00e3o para os pr\u00f3ximos dias.<\/p>\n<p><strong>Fonte: Contraf-CUT<\/strong><\/p>\n","protected":false},"excerpt":{"rendered":"<p>Na tarde desta quinta-feira (3), durante reuni\u00e3o da mesa permanente entre a Comiss\u00e3o Executiva dos Empregados da Caixa (CEE\/Caixa) e a dire\u00e7\u00e3o da Caixa, os representantes dos empregados criticaram a falta de posicionamento do banco p\u00fablico na defesa da empresa e de seus empregados. Dentre os principais temas abordados estavam teletrabalho, banco de horas, metas [&hellip;]<\/p>\n","protected":false},"author":2,"featured_media":10092,"comment_status":"","ping_status":"","sticky":false,"template":"","format":"standard","meta":{"footnotes":""},"categories":[3],"tags":[],"class_list":["post-10093","post","type-post","status-publish","format-standard","has-post-thumbnail","hentry","category-noticias"],"_links":{"self":[{"href":"https:\/\/hostnetart.com.br\/baixada\/wp-json\/wp\/v2\/posts\/10093","targetHints":{"allow":["GET"]}}],"collection":[{"href":"https:\/\/hostnetart.com.br\/baixada\/wp-json\/wp\/v2\/posts"}],"about":[{"href":"https:\/\/hostnetart.com.br\/baixada\/wp-json\/wp\/v2\/types\/post"}],"author":[{"embeddable":true,"href":"https:\/\/hostnetart.com.br\/baixada\/wp-json\/wp\/v2\/users\/2"}],"replies":[{"embeddable":true,"href":"https:\/\/hostnetart.com.br\/baixada\/wp-json\/wp\/v2\/comments?post=10093"}],"version-history":[{"count":0,"href":"https:\/\/hostnetart.com.br\/baixada\/wp-json\/wp\/v2\/posts\/10093\/revisions"}],"wp:featuredmedia":[{"embeddable":true,"href":"https:\/\/hostnetart.com.br\/baixada\/wp-json\/wp\/v2\/media\/10092"}],"wp:attachment":[{"href":"https:\/\/hostnetart.com.br\/baixada\/wp-json\/wp\/v2\/media?parent=10093"}],"wp:term":[{"taxonomy":"category","embeddable":true,"href":"https:\/\/hostnetart.com.br\/baixada\/wp-json\/wp\/v2\/categories?post=10093"},{"taxonomy":"post_tag","embeddable":true,"href":"https:\/\/hostnetart.com.br\/baixada\/wp-json\/wp\/v2\/tags?post=10093"}],"curies":[{"name":"wp","href":"https:\/\/api.w.org\/{rel}","templated":true}]}}