{"id":10087,"date":"2020-12-04T03:19:54","date_gmt":"2020-12-04T06:19:54","guid":{"rendered":"https:\/\/hostnetart.com.br\/baixada\/6-conferencia-da-uni-america-mulheres-reflete-sobre-futuro-do-trabalho-e-a-defesa-de-direitos-globais\/"},"modified":"2020-12-04T03:19:54","modified_gmt":"2020-12-04T06:19:54","slug":"6-conferencia-da-uni-america-mulheres-reflete-sobre-futuro-do-trabalho-e-a-defesa-de-direitos-globais","status":"publish","type":"post","link":"https:\/\/hostnetart.com.br\/baixada\/6-conferencia-da-uni-america-mulheres-reflete-sobre-futuro-do-trabalho-e-a-defesa-de-direitos-globais\/","title":{"rendered":"6\u00aa Confer\u00eancia da Uni Am\u00e9rica Mulheres reflete sobre futuro do trabalho e a defesa de direitos globais"},"content":{"rendered":"<p>Mulheres sindicalistas de todo o continente americano realizaram na quarta-feira (2) a\u00a0<a href=\"https:\/\/www.5taconferenciauniamericas.org\/mulheres\" target=\"_blank\" rel=\"noopener noreferrer\">6\u00aa Confer\u00eancia da UNI Am\u00e9rica Mulheres<\/a>. Com o tema \u201cAs mulheres defendem seus direitos e constroem um novo futuro\u201d, elas discutiram o futuro do trabalho tendo em conta a atual conjuntura de viol\u00eancia de g\u00eanero, desigualdade salarial e de ataques aos direitos trabalhistas e sociais que foram constru\u00eddos ao longo de d\u00e9cadas de hist\u00f3ria e luta.<\/p>\n<p>Al\u00e9m da defesa dos direitos j\u00e1 conquistados, as mulheres atuar\u00e3o no sentido de avan\u00e7ar em novos pontos, como a amplia\u00e7\u00e3o do n\u00famero de mulheres nos sindicatos; a igualdade salarial entre homens e mulheres; o fim da viol\u00eancia de g\u00eanero; e a forma\u00e7\u00e3o e capacita\u00e7\u00e3o para um novo mundo do trabalho, que est\u00e1 cada vez mais digitalizado e caracterizado pelo home office, principalmente por conta da pandemia.<\/p>\n<p>\u201cEssas preocupa\u00e7\u00f5es foram debatidas ao longo do dia e documentadas atrav\u00e9s de tr\u00eas mo\u00e7\u00f5es que abordaram as prioridades estrat\u00e9gicas da UNI; a igualdade de g\u00eanero nos sindicatos; e o combate \u00e0 viol\u00eancia, com destaque para a conven\u00e7\u00e3o 190 da OIT, sobre viol\u00eancia e ass\u00e9dio no trabalho\u201d, informou a vice-presidenta da Uni Am\u00e9ricas Mulheres, Neiva Ribeiro, que \u00e9 tamb\u00e9m secret\u00e1ria-geral do Sindicato dos Banc\u00e1rios de S\u00e3o Paulo.<\/p>\n<h3><strong>\u201c40 por 40\u201d<\/strong><\/h3>\n<p>Uma das principais metas definidas na confer\u00eancia, chamada de \u201c40 por 40\u201d, estabelece que a UNI (Union Internacional Networking) tenha 40% de mulheres em todos os comit\u00eas e espa\u00e7os decis\u00f3rios em todas as regi\u00f5es onde se organiza: Am\u00e9rica, \u00c1frica, Europa, \u00c1sia e Pac\u00edfico. A meta da UNI \u00e9 chegar \u00e0 paridade em 2022.<\/p>\n<p>\u201cA luta das mulheres em todos os pa\u00edses \u00e9 fazer com que essa recomenda\u00e7\u00e3o da UNI seja seguida pelas entidades filiadas e cada vez mais mulheres participem dos sindicais, das mesas de negocia\u00e7\u00f5es e dos espa\u00e7os onde s\u00e3o formuladas as pol\u00edticas p\u00fablicas\u201d, explicou Neiva, antes de citar a Confedera\u00e7\u00e3o Nacional dos Trabalhadores do Ramo Financeiro (Contraf-CUT), o Comando Nacional dos Banc\u00e1rios e o Sindicato dos Banc\u00e1rios de S\u00e3o Paulo como exemplo.<\/p>\n<h3><strong>Viol\u00eancia contra a mulher<\/strong><\/h3>\n<p>A secret\u00e1ria da Mulher da Confedera\u00e7\u00e3o Nacional dos Trabalhadores do Ramo Financeiro (Contraf-CUT), Elaine Cutis, tamb\u00e9m ressaltou a iniciativa da categoria banc\u00e1ria brasileira em combater a viol\u00eancia dom\u00e9stica atrav\u00e9s de a\u00e7\u00f5es como cria\u00e7\u00e3o de canais de den\u00fancia e acolhimento de mulheres nestas condi\u00e7\u00f5es.<\/p>\n<p>\u201cDados sobre viol\u00eancia dom\u00e9stica s\u00e3o tratados com indiferen\u00e7a no mundo coorporativo, ainda que influenciem diretamente na nossa economia, j\u00e1 que mulheres v\u00edtimas de viol\u00eancia perdem em m\u00e9dia 18 dias de trabalho ao ano, o que impacta, em volume salarial, quase R$ 1 bilh\u00e3o ao ano no Brasil\u201d, informou Elaine. \u201cPor isso, o movimento sindical banc\u00e1rio buscou analisar como a viol\u00eancia afeta negativamente a carreira das trabalhadoras e como a quest\u00e3o era tratada dentro dos bancos, constatando que n\u00e3o havia pol\u00edticas internas relacionadas \u00e0 viol\u00eancia contra a mulher e o despreparo dos gestores para tratar o tema. O que culminou com a conquista de canais criados pelos bancos para o atendimento \u00e0s banc\u00e1rias v\u00edtimas de viol\u00eancia dom\u00e9stica\u201d, completou.<\/p>\n<p>Em mar\u00e7o de 2020, em mesa de negocia\u00e7\u00e3o, as banc\u00e1rias garantiram um acordo in\u00e9dito com os bancos para que eles criassem servi\u00e7os de atendimento \u00e0s banc\u00e1rias v\u00edtimas de viol\u00eancia dom\u00e9stica. Em setembro, o acordo foi incorporado de forma definitiva na Conven\u00e7\u00e3o Coletiva de Trabalho (CCT) da categoria.<\/p>\n<p>\u201cAl\u00e9m do canal de atendimento sigiloso para den\u00fancias, tamb\u00e9m faz parte do acordo a conscientiza\u00e7\u00e3o e treinamento de funcion\u00e1rios e a\u00e7\u00f5es de apoio psicol\u00f3gico, transfer\u00eancia de local de trabalho (a pedido da banc\u00e1ria ou recomenda\u00e7\u00e3o de seguran\u00e7a), flexibiliza\u00e7\u00e3o de hor\u00e1rios, abono de aus\u00eancias em virtude de viol\u00eancia sofrida e at\u00e9 mesmo linhas de cr\u00e9dito especiais\u201d, informou a dirigente da Contraf-CUT. No \u00faltimo trimestre, 35 banc\u00e1rias buscaram atendimento.<\/p>\n<h3><strong>Debates na confer\u00eancia<\/strong><\/h3>\n<p>Tiveram destaque na 6\u00aa Conferencia as mobiliza\u00e7\u00f5es de combate \u00e0 viol\u00eancia de g\u00eanero que ocorreram em todo o mundo, demonstrando que as mulheres em todas as partes est\u00e3o se unindo contra o machismo, o feminic\u00eddio, a LGBTfobia, como por exemplo o \u201cNinguna a menos\u201d, na Argentina, Uruguai e Chile, \u201cZapatos Rojos\u201d, no M\u00e9xico, \u201cMe too\u201d, nos Estados Unidos, e o \u201cEle N\u00e3o\u201d, no Brasil.<\/p>\n<p>Ao final da confer\u00eancia foi aprovado o plano estrat\u00e9gico e feita a elei\u00e7\u00e3o da nova presidenta Thereza Mprtmer, do Caribe, que substitui Alejandra Stoup, da Argentina.<\/p>\n<p><strong>Fonte: Contraf-CUT<\/strong><\/p>\n","protected":false},"excerpt":{"rendered":"<p>Mulheres sindicalistas de todo o continente americano realizaram na quarta-feira (2) a\u00a06\u00aa Confer\u00eancia da UNI Am\u00e9rica Mulheres. Com o tema \u201cAs mulheres defendem seus direitos e constroem um novo futuro\u201d, elas discutiram o futuro do trabalho tendo em conta a atual conjuntura de viol\u00eancia de g\u00eanero, desigualdade salarial e de ataques aos direitos trabalhistas e [&hellip;]<\/p>\n","protected":false},"author":2,"featured_media":10086,"comment_status":"","ping_status":"","sticky":false,"template":"","format":"standard","meta":{"footnotes":""},"categories":[3],"tags":[],"class_list":["post-10087","post","type-post","status-publish","format-standard","has-post-thumbnail","hentry","category-noticias"],"_links":{"self":[{"href":"https:\/\/hostnetart.com.br\/baixada\/wp-json\/wp\/v2\/posts\/10087","targetHints":{"allow":["GET"]}}],"collection":[{"href":"https:\/\/hostnetart.com.br\/baixada\/wp-json\/wp\/v2\/posts"}],"about":[{"href":"https:\/\/hostnetart.com.br\/baixada\/wp-json\/wp\/v2\/types\/post"}],"author":[{"embeddable":true,"href":"https:\/\/hostnetart.com.br\/baixada\/wp-json\/wp\/v2\/users\/2"}],"replies":[{"embeddable":true,"href":"https:\/\/hostnetart.com.br\/baixada\/wp-json\/wp\/v2\/comments?post=10087"}],"version-history":[{"count":0,"href":"https:\/\/hostnetart.com.br\/baixada\/wp-json\/wp\/v2\/posts\/10087\/revisions"}],"wp:featuredmedia":[{"embeddable":true,"href":"https:\/\/hostnetart.com.br\/baixada\/wp-json\/wp\/v2\/media\/10086"}],"wp:attachment":[{"href":"https:\/\/hostnetart.com.br\/baixada\/wp-json\/wp\/v2\/media?parent=10087"}],"wp:term":[{"taxonomy":"category","embeddable":true,"href":"https:\/\/hostnetart.com.br\/baixada\/wp-json\/wp\/v2\/categories?post=10087"},{"taxonomy":"post_tag","embeddable":true,"href":"https:\/\/hostnetart.com.br\/baixada\/wp-json\/wp\/v2\/tags?post=10087"}],"curies":[{"name":"wp","href":"https:\/\/api.w.org\/{rel}","templated":true}]}}