{"id":10081,"date":"2020-12-03T19:12:07","date_gmt":"2020-12-03T22:12:07","guid":{"rendered":"https:\/\/hostnetart.com.br\/baixada\/desemprego-na-pandemia-atinge-setores-sociais-mais-vulneraveis\/"},"modified":"2020-12-03T19:12:07","modified_gmt":"2020-12-03T22:12:07","slug":"desemprego-na-pandemia-atinge-setores-sociais-mais-vulneraveis","status":"publish","type":"post","link":"https:\/\/hostnetart.com.br\/baixada\/desemprego-na-pandemia-atinge-setores-sociais-mais-vulneraveis\/","title":{"rendered":"Desemprego na pandemia atinge setores sociais mais vulner\u00e1veis"},"content":{"rendered":"<p>Uma an\u00e1lise de conjuntura sobre o Brasil em meio \u00e0 pandemia do novo coronav\u00edrus mostra um contexto\u00a0<a href=\"https:\/\/www.redebrasilatual.com.br\/economia\/2020\/11\/fantastico-poe-covardemente-a-culpa-da-crise-em-dilma-diz-tereza-campello\/\" target=\"_blank\" rel=\"noopener noreferrer\">desfavor\u00e1vel no aspecto econ\u00f4mico<\/a>. O mercado de trabalho segue com n\u00edveis elevados de precariedade e a crise, depois de atingir negativamente os\u00a0<a href=\"https:\/\/www.redebrasilatual.com.br\/cidadania\/2020\/11\/dados-de-pobreza-miseria-e-informalidade-mostram-um-pais-pior-do-que-em-2015\/\" target=\"_blank\" rel=\"noopener noreferrer\">trabalhadores informais<\/a>, \u201cdemonstra forte deteriora\u00e7\u00e3o\u201d nos postos de trabalho formalizados, prejudicando, principalmente, mulheres, jovens, idosos e a popula\u00e7\u00e3o negra.<\/p>\n<p>O dado de que o\u00a0<a href=\"https:\/\/www.redebrasilatual.com.br\/economia\/2020\/10\/com-mais-desalentados-subutilizados-e-excluidos-desemprego-bate-novo-recorde\/\" target=\"_blank\" rel=\"noopener noreferrer\">desemprego no pa\u00eds\u00a0<\/a>tem g\u00eanero, ra\u00e7a e idade \u00e9 do Grupo de Estudos e Acompanhamento da Conjuntura Econ\u00f4mica (Geace), que re\u00fane, ao todo, cinco pesquisadores da \u00e1rea.\u00a0<\/p>\n<p>De acordo com\u00a0<a href=\"https:\/\/www.thetricontinental.org\/pt-pt\/brasil\/analise-mensal-da-conjuntura-economica-2\/\" target=\"_blank\" rel=\"noopener noreferrer\">boletim mensal,<\/a>\u00a0divulgado em 26 de novembro, entre mar\u00e7o e setembro, o saldo negativo de admitidos e demitidos foi de 897,2 mil vagas. Foram 688,5 mil mulheres demitidas, contingente populacional que mais concentrou perdas de empregos formais durante a pandemia, totalizando 65,6% do total de postos de trabalho celetistas fechados. Os pesquisadores tamb\u00e9m apontam que, al\u00e9m de estarem saindo em maior quantidade do mercado formal, as mulheres s\u00e3o o grupo com maior dificuldade para retornar.<\/p>\n<p>Isso teria liga\u00e7\u00e3o direta com a<a href=\"https:\/\/www.redebrasilatual.com.br\/cidadania\/2020\/03\/divisao-do-trabalho-domestico-cresce-mas-paulistanas-mostram-que-machismo-permanece\/\" target=\"_blank\" rel=\"noopener noreferrer\">\u00a0divis\u00e3o sexual do trabalho<\/a>, que sobrecarrega essa popula\u00e7\u00e3o com mais de uma jornada de trabalho, atribuindo a elas a obrigatoriedade dos afazeres dom\u00e9sticos e do cuidado com os filhos, em um per\u00edodo no qual creches e escolas foram fechadas. O trabalho feminino, como destaca o boletim, ocupa ainda hoje tamb\u00e9m os empregos mais vulner\u00e1veis ao distanciamento social \u201cTais como os setores de alojamento e alimenta\u00e7\u00e3o, trabalho dom\u00e9stico e outros servi\u00e7os\u201d, diz o Geace.\u00a0<\/p>\n<h2><strong>Quem paga a conta do desemprego na pandemia<\/strong><\/h2>\n<p>J\u00e1 entre os jovens, segundo o Geace, pelo menos um em cada seis deixou de trabalhar desde o in\u00edcio da pandemia. Com base em dados da Pnad, metade dos potenciais trabalhadores de 18 a 24 anos estavam ocupados no in\u00edcio de 2020, \u00edndice que recuou, entre abril e junho, para 42,2%.\u00a0<\/p>\n<p>A popula\u00e7\u00e3o acima dos 50 anos, por sua vez, encontra\u00a0<a href=\"https:\/\/www.redebrasilatual.com.br\/economia\/2020\/08\/informalidade-novos-desempregados\/\" target=\"_blank\" rel=\"noopener noreferrer\">maiores dificuldades de recoloca\u00e7\u00e3o no mercado de trabalho<\/a>. Dados do Cadastro Geral de Empregados e Desempregados (Caged), levantados pelo boletim, revela que as admiss\u00f5es ficaram em torno de 20% menores do que no per\u00edodo entre 2012 e 2019, enquanto os desligamentos entre os mais velhos ficaram superiores \u00e0 m\u00e9dia nacional. No quesito ra\u00e7a, a popula\u00e7\u00e3o negra \u00e9 atingida. Entre os que se declaram pretos, de cinco pessoas, uma est\u00e1 desempregada.\u00a0<\/p>\n<p>\u201cTemos historicamente um elemento de maior vulnerabilidade nesses setores, n\u00e3o \u00e9 uma surpresa. Mas nesse per\u00edodo da pandemia o que vemos \u00e9 que houve uma desestrutura\u00e7\u00e3o generalizada que acabou impactando setores historicamente mais propensos a sofrer esses abalos\u201d, explica a economista Iriana Cad\u00f3, uma das pesquisadoras do Geace, em entrevista a Glauco Faria, no\u00a0<strong>Jornal Brasil Atual<\/strong>.<\/p>\n<h2><strong>Aux\u00edlio emergencial e o com\u00e9rcio<\/strong><\/h2>\n<p>Iriana destaca sua preocupa\u00e7\u00e3o principal com o fen\u00f4meno que acontece no setor do com\u00e9rcio. O boletim identifica que o\u00a0<a href=\"https:\/\/www.redebrasilatual.com.br\/trabalho\/2020\/11\/a-roda-da-economia-ato-centrais-pede-manutencao-auxilio-r-600-e-desoneracao\/\" target=\"_blank\" rel=\"noopener noreferrer\">aux\u00edlio emergencial ajudou esse segmento\u00a0<\/a>a aumentar o volume de vendas. Mas n\u00e3o houve, por outro lado, um aumento no n\u00famero de postos de trabalho na \u00e1rea que emprega sobretudo a popula\u00e7\u00e3o mais jovem. A economista observa uma transforma\u00e7\u00e3o no setor que pode influenciar na cria\u00e7\u00e3o de um n\u00famero menor de empregos do que antes da pandemia.<\/p>\n<p>\u201c\u00c9 a venda do e-commerce que puxou esse cen\u00e1rio (de alta). O que n\u00e3o necessariamente gera empregos diretos para pessoas que n\u00e3o tenham muita qualifica\u00e7\u00e3o, cria para o setor de TI (Tecnologia da Informa\u00e7\u00e3o), de intelig\u00eancia artificial, an\u00e1lise de dados e o setor de tecnologia em geral. Mas n\u00e3o vai conseguir avan\u00e7ar no sentido de gerar postos de trabalho para quem foi efetivamente prejudicado na pandemia\u201d, analisa.\u00a0<\/p>\n<p>As vendas pela internet tamb\u00e9m revelam a desigualdade dentro do segmento de com\u00e9rcio. De acordo com a pesquisadora, s\u00e3o empresas grandes, conglomerados do varejo que est\u00e3o na dianteira das vendas virtuais, e n\u00e3o as pequenas empresas que, em paralelo, sofrem com dificuldades de acesso a cr\u00e9dito, embora sejam\u00a0<a href=\"https:\/\/www.redebrasilatual.com.br\/trabalho\/2020\/05\/desprezadas-por-guedes-pequenas-empresas-podem-reorganizar-economia\/\" target=\"_blank\" rel=\"noopener noreferrer\">respons\u00e1veis por pelo menos 54% dos empregos formais<\/a>\u00a0no pa\u00eds.<\/p>\n<h2><strong>Renda b\u00e1sica e fim do teto para o futuro<\/strong><\/h2>\n<p>\u201cE com o fim do aux\u00edlio emergencial, talvez nem mesmo o setor do com\u00e9rcio online sobreviva por muito tempo. N\u00e3o h\u00e1 o que comemorar tanto por ora. Vai vir uma ressaca bem grande no pr\u00f3ximo per\u00edodo se o aux\u00edlio for cortado\u201d, adverte.\u00a0<\/p>\n<p>Com a possibilidade de encerramento do aux\u00edlio pelo governo federal, diante do n\u00edvel do desemprego ainda mais alto do que j\u00e1 era antes da pandemia, e com as mudan\u00e7as estruturais no mercado de trabalho, Iriana destaca a\u00a0<a href=\"https:\/\/www.redebrasilatual.com.br\/politica\/2020\/10\/inspirados-por-suplicy-candidatos-lancam-bancada-da-renda-basica\/\" target=\"_blank\" rel=\"noopener noreferrer\">urg\u00eancia do pa\u00eds em criar um tipo de renda b\u00e1sica<\/a>\u00a0e revogar o Teto de Gastos, que limita investimentos em \u00e1reas sociais.\u00a0<\/p>\n<p>\u201cComo pesquisadora, realmente n\u00e3o vejo outra sa\u00edda. Se o aux\u00edlio for cortado do dia para a noite vamos ter uma quebradeira econ\u00f4mica generalizada. Estamos com 14,6% de desempregados, de acordo com a Pnad. Isso \u00e9 muito alto, um recorde da s\u00e9rie hist\u00f3rica\u201d, alerta. \u201cNo momento em que a gente est\u00e1, o que menos precisamos \u00e9 aprofundar os aspecto recessivos, pelo contr\u00e1rio. A gente precisa dar condi\u00e7\u00f5es para que a economia volte a funcionar forte e n\u00e3o respire mais por aparelhos.\u201d<\/p>\n<p><span style=\"text-decoration: underline;\"><strong>Fonte: Rede Brasil Atual<\/strong><\/span><\/p>\n","protected":false},"excerpt":{"rendered":"<p>Uma an\u00e1lise de conjuntura sobre o Brasil em meio \u00e0 pandemia do novo coronav\u00edrus mostra um contexto\u00a0desfavor\u00e1vel no aspecto econ\u00f4mico. O mercado de trabalho segue com n\u00edveis elevados de precariedade e a crise, depois de atingir negativamente os\u00a0trabalhadores informais, \u201cdemonstra forte deteriora\u00e7\u00e3o\u201d nos postos de trabalho formalizados, prejudicando, principalmente, mulheres, jovens, idosos e a popula\u00e7\u00e3o [&hellip;]<\/p>\n","protected":false},"author":2,"featured_media":10080,"comment_status":"","ping_status":"","sticky":false,"template":"","format":"standard","meta":{"footnotes":""},"categories":[3],"tags":[],"class_list":["post-10081","post","type-post","status-publish","format-standard","has-post-thumbnail","hentry","category-noticias"],"_links":{"self":[{"href":"https:\/\/hostnetart.com.br\/baixada\/wp-json\/wp\/v2\/posts\/10081","targetHints":{"allow":["GET"]}}],"collection":[{"href":"https:\/\/hostnetart.com.br\/baixada\/wp-json\/wp\/v2\/posts"}],"about":[{"href":"https:\/\/hostnetart.com.br\/baixada\/wp-json\/wp\/v2\/types\/post"}],"author":[{"embeddable":true,"href":"https:\/\/hostnetart.com.br\/baixada\/wp-json\/wp\/v2\/users\/2"}],"replies":[{"embeddable":true,"href":"https:\/\/hostnetart.com.br\/baixada\/wp-json\/wp\/v2\/comments?post=10081"}],"version-history":[{"count":0,"href":"https:\/\/hostnetart.com.br\/baixada\/wp-json\/wp\/v2\/posts\/10081\/revisions"}],"wp:featuredmedia":[{"embeddable":true,"href":"https:\/\/hostnetart.com.br\/baixada\/wp-json\/wp\/v2\/media\/10080"}],"wp:attachment":[{"href":"https:\/\/hostnetart.com.br\/baixada\/wp-json\/wp\/v2\/media?parent=10081"}],"wp:term":[{"taxonomy":"category","embeddable":true,"href":"https:\/\/hostnetart.com.br\/baixada\/wp-json\/wp\/v2\/categories?post=10081"},{"taxonomy":"post_tag","embeddable":true,"href":"https:\/\/hostnetart.com.br\/baixada\/wp-json\/wp\/v2\/tags?post=10081"}],"curies":[{"name":"wp","href":"https:\/\/api.w.org\/{rel}","templated":true}]}}