{"id":1008,"date":"2014-04-11T00:00:00","date_gmt":"2014-04-11T03:00:00","guid":{"rendered":"https:\/\/hostnetart.com.br\/baixada\/campanha-de-vacinacao-do-santander-contra-gripe-inicia-nesta-segunda\/"},"modified":"2014-04-11T00:00:00","modified_gmt":"2014-04-11T03:00:00","slug":"campanha-de-vacinacao-do-santander-contra-gripe-inicia-nesta-segunda","status":"publish","type":"post","link":"https:\/\/hostnetart.com.br\/baixada\/campanha-de-vacinacao-do-santander-contra-gripe-inicia-nesta-segunda\/","title":{"rendered":"Campanha de vacina\u00e7\u00e3o do Santander contra gripe inicia nesta segunda"},"content":{"rendered":"<p>A campanha de vacina\u00e7\u00e3o do Santander contra as gripes H1N1 e sazonal (gripe comum) come\u00e7a nos pr\u00e9dios administrativos a partir da pr\u00f3xima segunda-feira (14). J\u00e1 na rede comercial as vacinas ser\u00e3o aplicadas a partir do dia 22 de abril, segundo informa\u00e7\u00f5es do banco espanhol.<\/p>\n<p>Na intranet do banco est\u00e1 dispon\u00edvel o cronograma, bem como os locais e os hor\u00e1rios dos postos de vacina\u00e7\u00e3o. A iniciativa \u00e9 uma medida de promo\u00e7\u00e3o \u00e0 sa\u00fade e de preven\u00e7\u00e3o.<\/p>\n<p>O funcion\u00e1rio dever\u00e1 apresentar o crach\u00e1 e o n\u00famero do CPF no momento da vacina\u00e7\u00e3o. N\u00e3o \u00e9 necess\u00e1rio fazer agendamento pr\u00e9vio e, caso esteja ausente no per\u00edodo da campanha (f\u00e9rias, treinamentos, etc.), tamb\u00e9m \u00e9 poss\u00edvel comparecer a uma das cl\u00ednicas credenciadas de 22 de abril a 15 de julho.<\/p>\n<p>A vacina passar\u00e1 a ter efeito duas semanas ap\u00f3s a aplica\u00e7\u00e3o e a imuniza\u00e7\u00e3o previne a infec\u00e7\u00e3o em at\u00e9 90% dos indiv\u00edduos. Al\u00e9rgicos ao ovo e \u00e0 Timerosal (Merthiolate\u00ae) n\u00e3o devem tomar a vacina antes de consultar o seu m\u00e9dico.<\/p>\n<p>Fonte: Contraf-CUT<\/p>\n","protected":false},"excerpt":{"rendered":"<p>A campanha de vacina\u00e7\u00e3o do Santander contra as gripes H1N1 e sazonal (gripe comum) come\u00e7a nos pr\u00e9dios administrativos a partir da pr\u00f3xima segunda-feira (14). J\u00e1 na rede comercial as vacinas ser\u00e3o aplicadas a partir do dia 22 de abril, segundo informa\u00e7\u00f5es do banco espanhol. Na intranet do banco est\u00e1 dispon\u00edvel o cronograma, bem como os [&hellip;]<\/p>\n","protected":false},"author":1,"featured_media":0,"comment_status":"","ping_status":"","sticky":false,"template":"","format":"standard","meta":{"footnotes":""},"categories":[3],"tags":[],"class_list":["post-1008","post","type-post","status-publish","format-standard","hentry","category-noticias"],"_links":{"self":[{"href":"https:\/\/hostnetart.com.br\/baixada\/wp-json\/wp\/v2\/posts\/1008","targetHints":{"allow":["GET"]}}],"collection":[{"href":"https:\/\/hostnetart.com.br\/baixada\/wp-json\/wp\/v2\/posts"}],"about":[{"href":"https:\/\/hostnetart.com.br\/baixada\/wp-json\/wp\/v2\/types\/post"}],"author":[{"embeddable":true,"href":"https:\/\/hostnetart.com.br\/baixada\/wp-json\/wp\/v2\/users\/1"}],"replies":[{"embeddable":true,"href":"https:\/\/hostnetart.com.br\/baixada\/wp-json\/wp\/v2\/comments?post=1008"}],"version-history":[{"count":0,"href":"https:\/\/hostnetart.com.br\/baixada\/wp-json\/wp\/v2\/posts\/1008\/revisions"}],"wp:attachment":[{"href":"https:\/\/hostnetart.com.br\/baixada\/wp-json\/wp\/v2\/media?parent=1008"}],"wp:term":[{"taxonomy":"category","embeddable":true,"href":"https:\/\/hostnetart.com.br\/baixada\/wp-json\/wp\/v2\/categories?post=1008"},{"taxonomy":"post_tag","embeddable":true,"href":"https:\/\/hostnetart.com.br\/baixada\/wp-json\/wp\/v2\/tags?post=1008"}],"curies":[{"name":"wp","href":"https:\/\/api.w.org\/{rel}","templated":true}]}}