{"id":10079,"date":"2020-12-03T13:40:57","date_gmt":"2020-12-03T16:40:57","guid":{"rendered":"https:\/\/hostnetart.com.br\/baixada\/dia-da-pessoa-com-deficiencia-3-de-dezembro\/"},"modified":"2020-12-03T13:40:57","modified_gmt":"2020-12-03T16:40:57","slug":"dia-da-pessoa-com-deficiencia-3-de-dezembro","status":"publish","type":"post","link":"https:\/\/hostnetart.com.br\/baixada\/dia-da-pessoa-com-deficiencia-3-de-dezembro\/","title":{"rendered":"Dia da Pessoa com Defici\u00eancia, 3 de dezembro"},"content":{"rendered":"<p>No dia 3 de dezembro \u00e9 comemorado o Dia Internacional da Pessoa com Defici\u00eancia. A data foi estabelecida pela Organiza\u00e7\u00e3o das Na\u00e7\u00f5es Unidas (ONU) em 1992, com o objetivo de gerar discuss\u00f5es sobre a situa\u00e7\u00e3o da pessoa com defici\u00eancia, seus direitos e necessidades. Esse dia est\u00e1 inclu\u00eddo no calend\u00e1rio de a\u00e7\u00f5es da Confedera\u00e7\u00e3o Nacional dos Trabalhadores do Ramo Financeiro (Contraf-CUT), no chamado \u201c16 Dias de Ativismo\u201d, que re\u00fane campanhas de combate ao racismo, \u00e0 viol\u00eancia contra a mulher e de defesa da Pessoa com Defici\u00eancia (PCD).<\/p>\n<p>Para o Dia Internacional das Pessoas com Defici\u00eancia, ser\u00e1 realizado em 3 de dezembro um tuita\u00e7o com a hashtag #Inclus\u00e3o\u00c9umDireito. O tuita\u00e7o ser\u00e1 feito ao meio-dia. Participe da manifesta\u00e7\u00e3o digital. Divulgue o tuita\u00e7o para amigas, amigos, familiares e conhecidos. \u201cNesse dia devemos refletir sobre o lugar das pessoas com defici\u00eancia em nossa sociedade. Precisamos de pol\u00edticas p\u00fablicas, que os governos federal, estaduais e as prefeituras incluam as PCDs, aumentem a acessibilidade e garantam o direito de todos. A data tamb\u00e9m \u00e9 importante para lutar pela igualdade de oportunidades para as pessoas com defici\u00eancia\u201d, afirmou a secret\u00e1ria de Pol\u00edticas Sociais, Rosalina do Socorro Amorim.<\/p>\n<p>\u201cH\u00e1 um grave problema enfrentado pelas mulheres, que \u00e9 a viol\u00eancia, mas vale ressaltar, que a mulher com defici\u00eancia \u00e9 uma das maiores v\u00edtimas da viol\u00eancia dom\u00e9stica. A depender do grau da defici\u00eancia, ela tem muito mais dificuldades de poder acessar uma ajuda para romper esse ciclo da viol\u00eancia\u201d, lembrou a secret\u00e1ria da Mulher da Contraf-CUT, Elaine Cutis. O Dia Internacional das Pessoas com Defici\u00eancia tem como objetivo sensibilizar e fomentar uma reflex\u00e3o, em n\u00edvel mundial, a respeito dos desafios enfrentados pelas pessoas com defici\u00eancia.<\/p>\n<p><strong>Legisla\u00e7\u00e3o de prote\u00e7\u00e3o<\/strong><\/p>\n<p>De acordo com a ONU, aproximadamente 10% da popula\u00e7\u00e3o mundial possui algum tipo de defici\u00eancia. No Brasil, de acordo com dados do censo do IBGE 2010, existem 45,6 milh\u00f5es de indiv\u00edduos que se declaram com defici\u00eancia, o que corresponde a quase 24% da popula\u00e7\u00e3o. No Brasil, a Lei Brasileira de Inclus\u00e3o da Pessoa com Defici\u00eancia (LBI), de 2015, fortalece os direitos das pessoas com defici\u00eancia, garantindo uma s\u00e9rie de direitos relacionados \u00e0 acessibilidade, educa\u00e7\u00e3o e sa\u00fade, al\u00e9m de estabelecer puni\u00e7\u00f5es para atitudes discriminat\u00f3rias.<\/p>\n<p>A legisla\u00e7\u00e3o estabelece que empresas com 100 ou mais trabalhadores devem preencher uma parcela de seus cargos com pessoas com defici\u00eancia. Por\u00e9m as PCDS ainda encontram muita dificuldade de inclus\u00e3o no mercado de trabalho. Um dos obst\u00e1culos da inclus\u00e3o \u00e9 o baixo \u00edndice de escolaridade de parte dessa popula\u00e7\u00e3o.<\/p>\n<p>Quase metade das PCDs no mercado de trabalho brasileiro, 45%, possuem algum tipo de defici\u00eancia f\u00edsica. As que t\u00eam defici\u00eancia auditiva s\u00e3o 17,7% e as com defici\u00eancia visual, 16,1%. Deficientes mentais s\u00e3o 9% do mercado de trabalho das PCDs e com defici\u00eancias m\u00faltiplas, 1,6%. Pessoas que foram reabilitados s\u00e3o 10,5%. Os dados s\u00e3o referentes aos anos de 2018 e 2019, a partir de levantamentos do Microdados da Rela\u00e7\u00e3o Anual de Informa\u00e7\u00f5es Sociais (Rais).<\/p>\n<p><strong>Setor banc\u00e1rio<\/strong><\/p>\n<p>De acordo com o Censo da Diversidade Banc\u00e1ria ainda \u00e9 pequena a participa\u00e7\u00e3o das PCDs nos bancos. Quando a quest\u00e3o \u00e9 a ascens\u00e3o profissional e o tempo de casa, as PCDs tamb\u00e9m encontram obst\u00e1culos. Dados do 2\u00ba Censo da Diversidade apontam que apenas 30% das PCDs est\u00e3o h\u00e1 mais de 10 anos no banco. \u00c9 uma parcela menor do que a m\u00e9dia do setor banc\u00e1rios, que \u00e9 de 38,8%. Os banc\u00e1rios t\u00eam forte protagonismo no movimento sindical brasileiro na luta pela igualdade de oportunidade na vida e no trabalho.<\/p>\n<p><span style=\"text-decoration: underline;\"><strong>Fonte: Contraf-CUT<\/strong><\/span><\/p>\n","protected":false},"excerpt":{"rendered":"<p>No dia 3 de dezembro \u00e9 comemorado o Dia Internacional da Pessoa com Defici\u00eancia. A data foi estabelecida pela Organiza\u00e7\u00e3o das Na\u00e7\u00f5es Unidas (ONU) em 1992, com o objetivo de gerar discuss\u00f5es sobre a situa\u00e7\u00e3o da pessoa com defici\u00eancia, seus direitos e necessidades. Esse dia est\u00e1 inclu\u00eddo no calend\u00e1rio de a\u00e7\u00f5es da Confedera\u00e7\u00e3o Nacional dos [&hellip;]<\/p>\n","protected":false},"author":2,"featured_media":10078,"comment_status":"","ping_status":"","sticky":false,"template":"","format":"standard","meta":{"footnotes":""},"categories":[3],"tags":[],"class_list":["post-10079","post","type-post","status-publish","format-standard","has-post-thumbnail","hentry","category-noticias"],"_links":{"self":[{"href":"https:\/\/hostnetart.com.br\/baixada\/wp-json\/wp\/v2\/posts\/10079","targetHints":{"allow":["GET"]}}],"collection":[{"href":"https:\/\/hostnetart.com.br\/baixada\/wp-json\/wp\/v2\/posts"}],"about":[{"href":"https:\/\/hostnetart.com.br\/baixada\/wp-json\/wp\/v2\/types\/post"}],"author":[{"embeddable":true,"href":"https:\/\/hostnetart.com.br\/baixada\/wp-json\/wp\/v2\/users\/2"}],"replies":[{"embeddable":true,"href":"https:\/\/hostnetart.com.br\/baixada\/wp-json\/wp\/v2\/comments?post=10079"}],"version-history":[{"count":0,"href":"https:\/\/hostnetart.com.br\/baixada\/wp-json\/wp\/v2\/posts\/10079\/revisions"}],"wp:featuredmedia":[{"embeddable":true,"href":"https:\/\/hostnetart.com.br\/baixada\/wp-json\/wp\/v2\/media\/10078"}],"wp:attachment":[{"href":"https:\/\/hostnetart.com.br\/baixada\/wp-json\/wp\/v2\/media?parent=10079"}],"wp:term":[{"taxonomy":"category","embeddable":true,"href":"https:\/\/hostnetart.com.br\/baixada\/wp-json\/wp\/v2\/categories?post=10079"},{"taxonomy":"post_tag","embeddable":true,"href":"https:\/\/hostnetart.com.br\/baixada\/wp-json\/wp\/v2\/tags?post=10079"}],"curies":[{"name":"wp","href":"https:\/\/api.w.org\/{rel}","templated":true}]}}