{"id":10077,"date":"2020-12-03T13:35:17","date_gmt":"2020-12-03T16:35:17","guid":{"rendered":"https:\/\/hostnetart.com.br\/baixada\/hoje-tem-tuitaco-em-defesa-da-inclusao-da-pessoa-com-deficiencia\/"},"modified":"2020-12-03T13:35:17","modified_gmt":"2020-12-03T16:35:17","slug":"hoje-tem-tuitaco-em-defesa-da-inclusao-da-pessoa-com-deficiencia","status":"publish","type":"post","link":"https:\/\/hostnetart.com.br\/baixada\/hoje-tem-tuitaco-em-defesa-da-inclusao-da-pessoa-com-deficiencia\/","title":{"rendered":"Hoje tem tuita\u00e7o em defesa da inclus\u00e3o da Pessoa com Defici\u00eancia"},"content":{"rendered":"<p>Nesta quinta-feira, 3 de dezembro, \u00e9 comemorado o Dia Internacional da Pessoa com Defici\u00eancia. Para marcar o dia, ser\u00e1 feito um tuita\u00e7o em defesa da inclus\u00e3o da Pessoa com Defici\u00eancia (PCD). A manifesta\u00e7\u00e3o digital ser\u00e1 ao meio-dia, com a hashtag #Inclus\u00e3o\u00c9UmDireito. Divulgue o tuita\u00e7o para amigas, amigos, familiares e conhecidos.<\/p>\n<p>A data foi estabelecida pela Organiza\u00e7\u00e3o das Na\u00e7\u00f5es Unidas (ONU) em 1992, com o objetivo de gerar discuss\u00f5es sobre a situa\u00e7\u00e3o da pessoa com defici\u00eancia, seus direitos e necessidades. Esse dia est\u00e1 inclu\u00eddo no calend\u00e1rio de a\u00e7\u00f5es da Confedera\u00e7\u00e3o Nacional dos Trabalhadores do Ramo Financeiro (Contraf-CUT). \u201cNesse dia devemos refletir sobre o lugar das pessoas com defici\u00eancia em nossa sociedade. Precisamos de pol\u00edticas p\u00fablicas, que os governos federal, estaduais e as prefeituras incluam as PCDs, aumentem a acessibilidade e garantam o direito de todos. A data tamb\u00e9m \u00e9 importante para lutar pela igualdade de oportunidades para as pessoas com defici\u00eancia\u201d, afirmou a secret\u00e1ria de Pol\u00edticas Sociais da Contraf-CUT, Rosalina do Socorro Amorim.<\/p>\n<p><strong>Legisla\u00e7\u00e3o de prote\u00e7\u00e3o<\/strong><\/p>\n<p>De acordo com a ONU, aproximadamente 10% da popula\u00e7\u00e3o mundial possui algum tipo de defici\u00eancia. No Brasil, de acordo com dados do censo do IBGE 2010, existem 45,6 milh\u00f5es de indiv\u00edduos que se declaram com defici\u00eancia, o que corresponde a quase 24% da popula\u00e7\u00e3o. No Brasil, a Lei Brasileira de Inclus\u00e3o da Pessoa com Defici\u00eancia (LBI), de 2015, fortalece a luta das pessoas com defici\u00eancia, ao garantir uma s\u00e9rie de direitos relacionados \u00e0 acessibilidade, educa\u00e7\u00e3o e sa\u00fade, al\u00e9m de estabelecer puni\u00e7\u00f5es para atitudes discriminat\u00f3rias.<\/p>\n<p>A legisla\u00e7\u00e3o estabelece que empresas com 100 ou mais trabalhadores devem preencher uma parcela de seus cargos com pessoas com defici\u00eancia. Por\u00e9m as PCDs ainda encontram muita dificuldade de inclus\u00e3o no mercado de trabalho. Um dos obst\u00e1culos da inclus\u00e3o \u00e9 o baixo \u00edndice de escolaridade de parte dessa popula\u00e7\u00e3o.<\/p>\n<p><strong>Setor banc\u00e1rio<\/strong><\/p>\n<p>De acordo com o Censo da Diversidade Banc\u00e1ria, ainda \u00e9 pequena a participa\u00e7\u00e3o das PCDs nos bancos. Quando a quest\u00e3o \u00e9 a ascens\u00e3o profissional e o tempo de casa, as PCDs tamb\u00e9m encontram obst\u00e1culos. Dados do 2\u00ba Censo da Diversidade apontam que apenas 30% das PCDs est\u00e3o h\u00e1 mais de 10 anos no banco. \u00c9 uma parcela menor do que a m\u00e9dia do setor banc\u00e1rios, que \u00e9 de 38,8%.<\/p>\n<p><span style=\"text-decoration: underline;\"><strong>Fonte: Contraf-CUT<\/strong><\/span><\/p>\n","protected":false},"excerpt":{"rendered":"<p>Nesta quinta-feira, 3 de dezembro, \u00e9 comemorado o Dia Internacional da Pessoa com Defici\u00eancia. Para marcar o dia, ser\u00e1 feito um tuita\u00e7o em defesa da inclus\u00e3o da Pessoa com Defici\u00eancia (PCD). A manifesta\u00e7\u00e3o digital ser\u00e1 ao meio-dia, com a hashtag #Inclus\u00e3o\u00c9UmDireito. Divulgue o tuita\u00e7o para amigas, amigos, familiares e conhecidos. A data foi estabelecida pela [&hellip;]<\/p>\n","protected":false},"author":2,"featured_media":10076,"comment_status":"","ping_status":"","sticky":false,"template":"","format":"standard","meta":{"footnotes":""},"categories":[3],"tags":[],"class_list":["post-10077","post","type-post","status-publish","format-standard","has-post-thumbnail","hentry","category-noticias"],"_links":{"self":[{"href":"https:\/\/hostnetart.com.br\/baixada\/wp-json\/wp\/v2\/posts\/10077","targetHints":{"allow":["GET"]}}],"collection":[{"href":"https:\/\/hostnetart.com.br\/baixada\/wp-json\/wp\/v2\/posts"}],"about":[{"href":"https:\/\/hostnetart.com.br\/baixada\/wp-json\/wp\/v2\/types\/post"}],"author":[{"embeddable":true,"href":"https:\/\/hostnetart.com.br\/baixada\/wp-json\/wp\/v2\/users\/2"}],"replies":[{"embeddable":true,"href":"https:\/\/hostnetart.com.br\/baixada\/wp-json\/wp\/v2\/comments?post=10077"}],"version-history":[{"count":0,"href":"https:\/\/hostnetart.com.br\/baixada\/wp-json\/wp\/v2\/posts\/10077\/revisions"}],"wp:featuredmedia":[{"embeddable":true,"href":"https:\/\/hostnetart.com.br\/baixada\/wp-json\/wp\/v2\/media\/10076"}],"wp:attachment":[{"href":"https:\/\/hostnetart.com.br\/baixada\/wp-json\/wp\/v2\/media?parent=10077"}],"wp:term":[{"taxonomy":"category","embeddable":true,"href":"https:\/\/hostnetart.com.br\/baixada\/wp-json\/wp\/v2\/categories?post=10077"},{"taxonomy":"post_tag","embeddable":true,"href":"https:\/\/hostnetart.com.br\/baixada\/wp-json\/wp\/v2\/tags?post=10077"}],"curies":[{"name":"wp","href":"https:\/\/api.w.org\/{rel}","templated":true}]}}