{"id":10075,"date":"2020-12-03T13:34:03","date_gmt":"2020-12-03T16:34:03","guid":{"rendered":"https:\/\/hostnetart.com.br\/baixada\/mesa-da-saude-retoma-canal-para-medidas-de-prevencao-a-covid-19\/"},"modified":"2020-12-03T13:34:03","modified_gmt":"2020-12-03T16:34:03","slug":"mesa-da-saude-retoma-canal-para-medidas-de-prevencao-a-covid-19","status":"publish","type":"post","link":"https:\/\/hostnetart.com.br\/baixada\/mesa-da-saude-retoma-canal-para-medidas-de-prevencao-a-covid-19\/","title":{"rendered":"Mesa da Sa\u00fade retoma canal para medidas de preven\u00e7\u00e3o \u00e0 Covid-19"},"content":{"rendered":"<p>A mesa bipartite da Sa\u00fade entre o Comando Nacional dos Banc\u00e1rios e a Federa\u00e7\u00e3o Nacional dos Bancos (Fenaban) se reuniu nesta quarta-feira (2) e decidiu retomar o canal direto entre as partes para solucionar problemas dos protocolos para preven\u00e7\u00e3o da Covid-19 no setor. Para tanto, os sindicalistas reivindicaram que a Fenaban esclare\u00e7a quais as regras b\u00e1sicas para os protocolos, tendo em vista que nos \u00faltimos meses houve um relaxamento nos cuidados. Tamb\u00e9m foi discutida a inclus\u00e3o da categoria banc\u00e1ria ente os setores priorit\u00e1rios para a vacina contra a Covid-19, al\u00e9m do desconto das complementa\u00e7\u00f5es do aux\u00edlio-doen\u00e7a.<\/p>\n<p>A retomada do canal direto entre o Comando e a Fenaban foi decidida diante do aumento da contamina\u00e7\u00e3o da Covid-19 nesse final de ano, no que j\u00e1 est\u00e1 sendo chamado de \u201csegunda onda\u201d. Qualquer problema quanto ao cumprimento de protocolos para a prote\u00e7\u00e3o dos trabalhadores dever\u00e1 ser encaminhado ao canal retomado para ser solucionado. \u201cTudo que fizemos no primeiro semestre para a prote\u00e7\u00e3o da categoria foi vitorioso. S\u00f3 que houve um processo de flexibiliza\u00e7\u00e3o das medidas. Houve um relaxamento da sociedade, mas tamb\u00e9m dos bancos. Agora, o n\u00edvel de contamina\u00e7\u00e3o aumentou\u201d, alertou o secret\u00e1rio de Sa\u00fade do Trabalhador da Confedera\u00e7\u00e3o Nacional dos Trabalhadores do Ramo Financeiro (Contraf-CUT), Mauro Salles, que participou da mesa como um dos representantes do movimento sindical.<\/p>\n<p>Al\u00e9m da retomada do canal direto para tratar de problemas sobre a Covid-19 na categoria, tamb\u00e9m foi discutida a quest\u00e3o da concess\u00e3o do benef\u00edcio integral em casos de afastamento por doen\u00e7a e que tenha o reconhecimento do aux\u00edlio-doen\u00e7a. Os representantes da Fenaban disseram que essa discuss\u00e3o est\u00e1 sendo feita banco a banco.<\/p>\n<p>\u201cVemos disparidades no tratamento n\u00e3o s\u00f3 entre bancos, mas em cada banco. Est\u00e3o ocorrendo situa\u00e7\u00f5es onde o trabalhador tem alta e o banco quer descontar o que antecipou e mesmo desconta antes de o trabalhador receber do INSS. Precisamos resolver essa disparidade. Outra preocupa\u00e7\u00e3o \u00e9 resgatar que o desconto da antecipa\u00e7\u00e3o deve ser parcelado, n\u00e3o comprometendo mais do que 30% do sal\u00e1rio do trabalhador\u201d, disse Mauro Salles. O secret\u00e1rio da Sa\u00fade do Trabalhador frisou que o problema \u00e9 agravado porque o Instituto Nacional do Seguro Social (INSS) est\u00e1 demorando a pagar o aux\u00edlio-doen\u00e7a. Ele defendeu que, enquanto n\u00e3o houver per\u00edcia e que n\u00e3o seja feito o pagamento pelo INSS, o banc\u00e1rio n\u00e3o deve ser descontado das antecipa\u00e7\u00f5es.<\/p>\n<p>Tamb\u00e9m foi discutida a necessidade de o governo incluir a categoria banc\u00e1ria entre os setores que ter\u00e3o prioridade para a vacina contra a Covid-19. O entendimento, tanto do Comando Nacional dos Banc\u00e1rios como da Fenaban, \u00e9 de que a categoria \u00e9 um dos setores essenciais para manter a sociedade durante a pandemia e que deve estar entre os setores que v\u00e3o receber a prote\u00e7\u00e3o na fase inicial da vacina\u00e7\u00e3o.<\/p>\n<p><strong>Fonte: Contraf-CUT<\/strong><\/p>\n","protected":false},"excerpt":{"rendered":"<p>A mesa bipartite da Sa\u00fade entre o Comando Nacional dos Banc\u00e1rios e a Federa\u00e7\u00e3o Nacional dos Bancos (Fenaban) se reuniu nesta quarta-feira (2) e decidiu retomar o canal direto entre as partes para solucionar problemas dos protocolos para preven\u00e7\u00e3o da Covid-19 no setor. Para tanto, os sindicalistas reivindicaram que a Fenaban esclare\u00e7a quais as regras [&hellip;]<\/p>\n","protected":false},"author":2,"featured_media":10074,"comment_status":"","ping_status":"","sticky":false,"template":"","format":"standard","meta":{"footnotes":""},"categories":[3],"tags":[],"class_list":["post-10075","post","type-post","status-publish","format-standard","has-post-thumbnail","hentry","category-noticias"],"_links":{"self":[{"href":"https:\/\/hostnetart.com.br\/baixada\/wp-json\/wp\/v2\/posts\/10075","targetHints":{"allow":["GET"]}}],"collection":[{"href":"https:\/\/hostnetart.com.br\/baixada\/wp-json\/wp\/v2\/posts"}],"about":[{"href":"https:\/\/hostnetart.com.br\/baixada\/wp-json\/wp\/v2\/types\/post"}],"author":[{"embeddable":true,"href":"https:\/\/hostnetart.com.br\/baixada\/wp-json\/wp\/v2\/users\/2"}],"replies":[{"embeddable":true,"href":"https:\/\/hostnetart.com.br\/baixada\/wp-json\/wp\/v2\/comments?post=10075"}],"version-history":[{"count":0,"href":"https:\/\/hostnetart.com.br\/baixada\/wp-json\/wp\/v2\/posts\/10075\/revisions"}],"wp:featuredmedia":[{"embeddable":true,"href":"https:\/\/hostnetart.com.br\/baixada\/wp-json\/wp\/v2\/media\/10074"}],"wp:attachment":[{"href":"https:\/\/hostnetart.com.br\/baixada\/wp-json\/wp\/v2\/media?parent=10075"}],"wp:term":[{"taxonomy":"category","embeddable":true,"href":"https:\/\/hostnetart.com.br\/baixada\/wp-json\/wp\/v2\/categories?post=10075"},{"taxonomy":"post_tag","embeddable":true,"href":"https:\/\/hostnetart.com.br\/baixada\/wp-json\/wp\/v2\/tags?post=10075"}],"curies":[{"name":"wp","href":"https:\/\/api.w.org\/{rel}","templated":true}]}}