{"id":10067,"date":"2020-12-02T14:05:57","date_gmt":"2020-12-02T17:05:57","guid":{"rendered":"https:\/\/hostnetart.com.br\/baixada\/teste-de-covid-19-e-estendido-para-dependentes-de-funcionarios-do-bradesco-de-todo-o-pais\/"},"modified":"2020-12-02T14:05:57","modified_gmt":"2020-12-02T17:05:57","slug":"teste-de-covid-19-e-estendido-para-dependentes-de-funcionarios-do-bradesco-de-todo-o-pais","status":"publish","type":"post","link":"https:\/\/hostnetart.com.br\/baixada\/teste-de-covid-19-e-estendido-para-dependentes-de-funcionarios-do-bradesco-de-todo-o-pais\/","title":{"rendered":"Teste de Covid-19 \u00e9 estendido para dependentes de funcion\u00e1rios do Bradesco de todo o pa\u00eds"},"content":{"rendered":"<p>O Bradesco informou \u00e0 Confedera\u00e7\u00e3o Nacional dos Trabalhadores do Ramo Financeiro (Contraf-CUT) que a testagem para Covid-19 poder\u00e1 ser feita por dependentes no plano de sa\u00fade de funcion\u00e1rios de todo o pa\u00eds. Ap\u00f3s cobran\u00e7as do movimento sindical,\u00a0<a href=\"https:\/\/contrafcut.com.br\/noticias\/conquista-dependentes-de-funcionarios-do-bradesco-terao-direito-a-teste-de-covid-19\" target=\"_blank\" rel=\"noopener noreferrer\">o banco havia informado na segunda-feira (30)<\/a>\u00a0que os testes poderiam ser feitos pelos dependentes dos funcion\u00e1rios da Cidade de Deus, em Osasco (SP), onde se localiza a matriz do banco. Assim como ocorre em S\u00e3o Paulo, a testagem poder\u00e1 ser feita at\u00e9 19\/12. Os testes tamb\u00e9m podem ser feitos pelos funcion\u00e1rios. Mesmo aqueles que j\u00e1 fizeram o teste podem fazer novamente.<\/p>\n<p>\u201cFoi importante que a extens\u00e3o do direito para todo o pa\u00eds tenha sido feita com agilidade. Sabemos que S\u00e3o Paulo \u00e9 o estado com o maior n\u00famero de casos registrados de Covid-19, mas tamb\u00e9m que em outros estados o risco \u00e9 t\u00e3o grande quanto, ou at\u00e9 maior, se analisarmos a proporcionalidade da popula\u00e7\u00e3o. E isso deixa os funcion\u00e1rios de todo o pa\u00eds apreensivos\u201d, disse a coordenadora da Comiss\u00e3o de Organiza\u00e7\u00e3o dos Empregados (COE) do Bradesco, Magaly Fagundes.<\/p>\n<p>Magaly ressaltou, ainda, que n\u00e3o se trata de um benef\u00edcio, dado pelo banco, mas de uma conquista da mobiliza\u00e7\u00e3o dos funcion\u00e1rios e do movimento sindical. \u201cEsta era uma das nossas reivindica\u00e7\u00f5es deste o in\u00edcio da pandemia e, por isso, precisamos valorizar esta conquista\u201d, observou.<\/p>\n<p><strong>Fonte: Contraf-CUT<\/strong><\/p>\n","protected":false},"excerpt":{"rendered":"<p>O Bradesco informou \u00e0 Confedera\u00e7\u00e3o Nacional dos Trabalhadores do Ramo Financeiro (Contraf-CUT) que a testagem para Covid-19 poder\u00e1 ser feita por dependentes no plano de sa\u00fade de funcion\u00e1rios de todo o pa\u00eds. Ap\u00f3s cobran\u00e7as do movimento sindical,\u00a0o banco havia informado na segunda-feira (30)\u00a0que os testes poderiam ser feitos pelos dependentes dos funcion\u00e1rios da Cidade de [&hellip;]<\/p>\n","protected":false},"author":2,"featured_media":10066,"comment_status":"","ping_status":"","sticky":false,"template":"","format":"standard","meta":{"footnotes":""},"categories":[3],"tags":[],"class_list":["post-10067","post","type-post","status-publish","format-standard","has-post-thumbnail","hentry","category-noticias"],"_links":{"self":[{"href":"https:\/\/hostnetart.com.br\/baixada\/wp-json\/wp\/v2\/posts\/10067","targetHints":{"allow":["GET"]}}],"collection":[{"href":"https:\/\/hostnetart.com.br\/baixada\/wp-json\/wp\/v2\/posts"}],"about":[{"href":"https:\/\/hostnetart.com.br\/baixada\/wp-json\/wp\/v2\/types\/post"}],"author":[{"embeddable":true,"href":"https:\/\/hostnetart.com.br\/baixada\/wp-json\/wp\/v2\/users\/2"}],"replies":[{"embeddable":true,"href":"https:\/\/hostnetart.com.br\/baixada\/wp-json\/wp\/v2\/comments?post=10067"}],"version-history":[{"count":0,"href":"https:\/\/hostnetart.com.br\/baixada\/wp-json\/wp\/v2\/posts\/10067\/revisions"}],"wp:featuredmedia":[{"embeddable":true,"href":"https:\/\/hostnetart.com.br\/baixada\/wp-json\/wp\/v2\/media\/10066"}],"wp:attachment":[{"href":"https:\/\/hostnetart.com.br\/baixada\/wp-json\/wp\/v2\/media?parent=10067"}],"wp:term":[{"taxonomy":"category","embeddable":true,"href":"https:\/\/hostnetart.com.br\/baixada\/wp-json\/wp\/v2\/categories?post=10067"},{"taxonomy":"post_tag","embeddable":true,"href":"https:\/\/hostnetart.com.br\/baixada\/wp-json\/wp\/v2\/tags?post=10067"}],"curies":[{"name":"wp","href":"https:\/\/api.w.org\/{rel}","templated":true}]}}