{"id":10061,"date":"2020-12-01T04:05:02","date_gmt":"2020-12-01T07:05:02","guid":{"rendered":"https:\/\/hostnetart.com.br\/baixada\/atos-contra-demissoes-no-bradesco-se-espalham-pelo-pais\/"},"modified":"2020-12-01T04:05:02","modified_gmt":"2020-12-01T07:05:02","slug":"atos-contra-demissoes-no-bradesco-se-espalham-pelo-pais","status":"publish","type":"post","link":"https:\/\/hostnetart.com.br\/baixada\/atos-contra-demissoes-no-bradesco-se-espalham-pelo-pais\/","title":{"rendered":"Atos contra demiss\u00f5es no Bradesco se espalham pelo pa\u00eds"},"content":{"rendered":"<p>Nesta segunda-feira (30), houve manifesta\u00e7\u00f5es no Brasil inteiro contra as demiss\u00f5es no Bradesco. Os atos foram em ag\u00eancias e departamentos do banco, em mais um Dia Nacional de Luta contra as demiss\u00f5es. Em dois meses, o Bradesco demitiu mais de 2.500 funcion\u00e1rios, desrespeitando o compromisso assumido no come\u00e7o do ano com o movimento sindical de n\u00e3o realizar demiss\u00f5es enquanto durar a pandemia.<\/p>\n<p>\u201cAs manifesta\u00e7\u00f5es foram no pa\u00eds todo. Nossa luta \u00e9 para preservar o emprego e reverter as demiss\u00f5es. Teve cidades no interior do Brasil onde fomos para a frente das ag\u00eancias e conversamos com os clientes. Eles reconheceram e apoiaram nosso movimento\u201d, relatou a coordenadora da Comiss\u00e3o de Organiza\u00e7\u00e3o dos Empregados (COE) do Bradesco, Magaly Fagundes.<\/p>\n<p>A coordenadora destacou a atua\u00e7\u00e3o dos sindicatos e federa\u00e7\u00f5es da categoria em todo o Brasil, que participaram do movimento. No come\u00e7o da pandemia, o movimento sindical banc\u00e1rio se reuniu com a Federa\u00e7\u00e3o Nacional dos Bancos (Fenaban) e firmou acordo para que n\u00e3o acontecessem demiss\u00f5es enquanto durasse a pandemia. \u201cO decreto do governo para medidas de apoio \u00e0 popula\u00e7\u00e3o na pandemia vai at\u00e9 31 de dezembro. Sabemos que a pandemia n\u00e3o acaba dia 31, mas esper\u00e1vamos, pelo menos, que o Bradesco n\u00e3o demitisse at\u00e9 essa data. A dire\u00e7\u00e3o do banco j\u00e1 disse que vai fechar esse ano 1.200 ag\u00eancias. Como \u00e9 que pode haver recupera\u00e7\u00e3o da economia se o Bradesco est\u00e1 falhando? E ainda mais com a segunda onda que est\u00e1 chegando\u201d, criticou Magaly.<\/p>\n<p><strong>Demiss\u00f5es e lucro<\/strong><\/p>\n<p>Os atos contra as demiss\u00f5es do Bradesco s\u00e3o uma forma de protesto e fazem parte da campanha nacional organizada pela Confedera\u00e7\u00e3o Nacional dos Trabalhadores do Ramo Financeiro (Contraf-CUT) e sindicatos de banc\u00e1rios de todo o pa\u00eds. Se este ano o Bradesco j\u00e1 demitiu mais de 2.500 trabalhadores, no mesmo per\u00edodo obteve Lucro L\u00edquido Recorrente de R$ 12,657 bilh\u00f5es nos primeiros nove meses de 2020.<\/p>\n<p>H\u00e1 mais de um m\u00eas funcion\u00e1rios do banco, apoiados pelo movimento sindical realizam paralisa\u00e7\u00f5es de agencias, atos na frente de departamentos do bancos e tuita\u00e7os para denunciar o Bradesco. \u201cO saldo do movimento foi positivo. A gente espera que o banco tenha encerrado esse processo de demiss\u00e3o\u201d afirmou Magaly Fagundes.<\/p>\n<p>Para ver fotos das manifesta\u00e7\u00f5es, clique\u00a0<a href=\"https:\/\/www.facebook.com\/media\/set\/?set=a.4106898142656523&amp;type=3\">aqui.<\/a><\/p>\n<p><strong>Fonte: Contraf-CUT<\/strong><\/p>\n","protected":false},"excerpt":{"rendered":"<p>Nesta segunda-feira (30), houve manifesta\u00e7\u00f5es no Brasil inteiro contra as demiss\u00f5es no Bradesco. Os atos foram em ag\u00eancias e departamentos do banco, em mais um Dia Nacional de Luta contra as demiss\u00f5es. Em dois meses, o Bradesco demitiu mais de 2.500 funcion\u00e1rios, desrespeitando o compromisso assumido no come\u00e7o do ano com o movimento sindical de [&hellip;]<\/p>\n","protected":false},"author":2,"featured_media":10060,"comment_status":"","ping_status":"","sticky":false,"template":"","format":"standard","meta":{"footnotes":""},"categories":[3],"tags":[],"class_list":["post-10061","post","type-post","status-publish","format-standard","has-post-thumbnail","hentry","category-noticias"],"_links":{"self":[{"href":"https:\/\/hostnetart.com.br\/baixada\/wp-json\/wp\/v2\/posts\/10061","targetHints":{"allow":["GET"]}}],"collection":[{"href":"https:\/\/hostnetart.com.br\/baixada\/wp-json\/wp\/v2\/posts"}],"about":[{"href":"https:\/\/hostnetart.com.br\/baixada\/wp-json\/wp\/v2\/types\/post"}],"author":[{"embeddable":true,"href":"https:\/\/hostnetart.com.br\/baixada\/wp-json\/wp\/v2\/users\/2"}],"replies":[{"embeddable":true,"href":"https:\/\/hostnetart.com.br\/baixada\/wp-json\/wp\/v2\/comments?post=10061"}],"version-history":[{"count":0,"href":"https:\/\/hostnetart.com.br\/baixada\/wp-json\/wp\/v2\/posts\/10061\/revisions"}],"wp:featuredmedia":[{"embeddable":true,"href":"https:\/\/hostnetart.com.br\/baixada\/wp-json\/wp\/v2\/media\/10060"}],"wp:attachment":[{"href":"https:\/\/hostnetart.com.br\/baixada\/wp-json\/wp\/v2\/media?parent=10061"}],"wp:term":[{"taxonomy":"category","embeddable":true,"href":"https:\/\/hostnetart.com.br\/baixada\/wp-json\/wp\/v2\/categories?post=10061"},{"taxonomy":"post_tag","embeddable":true,"href":"https:\/\/hostnetart.com.br\/baixada\/wp-json\/wp\/v2\/tags?post=10061"}],"curies":[{"name":"wp","href":"https:\/\/api.w.org\/{rel}","templated":true}]}}