{"id":1006,"date":"2014-04-11T00:00:00","date_gmt":"2014-04-11T03:00:00","guid":{"rendered":"https:\/\/hostnetart.com.br\/baixada\/contraf-cut-retoma-negociacoes-permanentes-com-a-caixa-no-dia-16\/"},"modified":"2014-04-11T00:00:00","modified_gmt":"2014-04-11T03:00:00","slug":"contraf-cut-retoma-negociacoes-permanentes-com-a-caixa-no-dia-16","status":"publish","type":"post","link":"https:\/\/hostnetart.com.br\/baixada\/contraf-cut-retoma-negociacoes-permanentes-com-a-caixa-no-dia-16\/","title":{"rendered":"Contraf-CUT retoma negocia\u00e7\u00f5es permanentes com a Caixa no dia 16"},"content":{"rendered":"<p>A Contraf-CUT, federa\u00e7\u00f5es e sindicatos retomam na pr\u00f3xima quarta-feira (16) a mesa de negocia\u00e7\u00f5es permanentes com a Caixa Econ\u00f4mica Federal. O encontro, agendado para Bras\u00edlia, ser\u00e1 realizado a partir das 14h30.<\/p>\n<p>Os assuntos da pauta s\u00e3o: banc\u00e1rio tempor\u00e1rio, avalia\u00e7\u00e3o sobre o f\u00f3rum de condi\u00e7\u00f5es de trabalho, comiss\u00e3o parit\u00e1ria do Processo de Sele\u00e7\u00e3o Interna por Compet\u00eancia (PSIC) e horas extras.<\/p>\n<p>No mesmo dia, \u00e0s 11h, na sede da Fenae, a Comiss\u00e3o Executiva dos Empregados (CEE\/Caixa), que assessora a Contraf-CUT nas negocia\u00e7\u00f5es com o banco, se re\u00fane para preparar os debates com os representantes do banco.<\/p>\n<p><strong>F\u00f3rum Parit\u00e1rio de Condi\u00e7\u00f5es de Trabalho\u00a0<\/strong><\/p>\n<p>Na v\u00e9spera, na ter\u00e7a-feira (15), \u00e0s 10h, haver\u00e1 no pr\u00e9dio da Matriz II da Caixa, em Bras\u00edlia, mais uma reuni\u00e3o do F\u00f3rum Parit\u00e1rio de Condi\u00e7\u00f5es de Trabalho. Esse ser\u00e1 o quarto encontro do grupo, formado por representantes dos empregados e do banco.<\/p>\n<p>O objetivo \u00e9 dar continuidade ao debate sobre jornada de trabalho, ass\u00e9dio moral e empregados por unidades, al\u00e9m de outros assuntos relativos a condi\u00e7\u00f5es de trabalho. Como faltam trabalhadores e maiores investimentos nos locais de atendimento, os representantes dos empregados v\u00e3o cobrar melhorias.<\/p>\n<p>A cria\u00e7\u00e3o desse f\u00f3rum foi uma conquista da Campanha Nacional de 2013.<\/p>\n<p>Fonte: Contraf-CUT com Fenae<\/p>\n","protected":false},"excerpt":{"rendered":"<p>A Contraf-CUT, federa\u00e7\u00f5es e sindicatos retomam na pr\u00f3xima quarta-feira (16) a mesa de negocia\u00e7\u00f5es permanentes com a Caixa Econ\u00f4mica Federal. O encontro, agendado para Bras\u00edlia, ser\u00e1 realizado a partir das 14h30. Os assuntos da pauta s\u00e3o: banc\u00e1rio tempor\u00e1rio, avalia\u00e7\u00e3o sobre o f\u00f3rum de condi\u00e7\u00f5es de trabalho, comiss\u00e3o parit\u00e1ria do Processo de Sele\u00e7\u00e3o Interna por Compet\u00eancia [&hellip;]<\/p>\n","protected":false},"author":1,"featured_media":0,"comment_status":"","ping_status":"","sticky":false,"template":"","format":"standard","meta":{"footnotes":""},"categories":[3],"tags":[],"class_list":["post-1006","post","type-post","status-publish","format-standard","hentry","category-noticias"],"_links":{"self":[{"href":"https:\/\/hostnetart.com.br\/baixada\/wp-json\/wp\/v2\/posts\/1006","targetHints":{"allow":["GET"]}}],"collection":[{"href":"https:\/\/hostnetart.com.br\/baixada\/wp-json\/wp\/v2\/posts"}],"about":[{"href":"https:\/\/hostnetart.com.br\/baixada\/wp-json\/wp\/v2\/types\/post"}],"author":[{"embeddable":true,"href":"https:\/\/hostnetart.com.br\/baixada\/wp-json\/wp\/v2\/users\/1"}],"replies":[{"embeddable":true,"href":"https:\/\/hostnetart.com.br\/baixada\/wp-json\/wp\/v2\/comments?post=1006"}],"version-history":[{"count":0,"href":"https:\/\/hostnetart.com.br\/baixada\/wp-json\/wp\/v2\/posts\/1006\/revisions"}],"wp:attachment":[{"href":"https:\/\/hostnetart.com.br\/baixada\/wp-json\/wp\/v2\/media?parent=1006"}],"wp:term":[{"taxonomy":"category","embeddable":true,"href":"https:\/\/hostnetart.com.br\/baixada\/wp-json\/wp\/v2\/categories?post=1006"},{"taxonomy":"post_tag","embeddable":true,"href":"https:\/\/hostnetart.com.br\/baixada\/wp-json\/wp\/v2\/tags?post=1006"}],"curies":[{"name":"wp","href":"https:\/\/api.w.org\/{rel}","templated":true}]}}