{"id":10057,"date":"2020-11-30T19:58:16","date_gmt":"2020-11-30T22:58:16","guid":{"rendered":"https:\/\/hostnetart.com.br\/baixada\/conquista-dependentes-de-funcionarios-do-bradesco-terao-direito-a-teste-de-covid-19\/"},"modified":"2020-11-30T19:58:16","modified_gmt":"2020-11-30T22:58:16","slug":"conquista-dependentes-de-funcionarios-do-bradesco-terao-direito-a-teste-de-covid-19","status":"publish","type":"post","link":"https:\/\/hostnetart.com.br\/baixada\/conquista-dependentes-de-funcionarios-do-bradesco-terao-direito-a-teste-de-covid-19\/","title":{"rendered":"Conquista: Dependentes de funcion\u00e1rios do Bradesco ter\u00e3o direito a teste de Covid-19"},"content":{"rendered":"<p>Ap\u00f3s cobran\u00e7as do movimento sindical, o Bradesco informou que a partir de desta segunda-feira (30) at\u00e9 19\/12 far\u00e1 testes de Covid-19 nos dependentes dos seus funcion\u00e1rios no plano de sa\u00fade. Os testes come\u00e7ar\u00e3o a ser realizados na Cidade de Deus, em Osasco (SP), onde se localiza a matriz do banco. A expans\u00e3o da iniciativa para os demais estados ser\u00e1 informada ao movimento sindical, assim que definido o cronograma.<\/p>\n<p>\u201cEsta era uma das reivindica\u00e7\u00f5es do movimento sindical. Precisamos valorizar esta conquista. Mas, vamos continuar lutando para que o banco interrompa a pol\u00edtica de demiss\u00f5es em plena pandemia e, mais do que isso, que reveja as demiss\u00f5es j\u00e1 realizadas\u201d, disse a coordenadora da Comiss\u00e3o de Organiza\u00e7\u00e3o dos Empregados (COE) do Bradesco, Magaly Fagundes.<\/p>\n<p>Em abril, o banco assumiu o compromisso com a Confedera\u00e7\u00e3o Nacional dos Trabalhadores do Ramo Financeiro (Contraf-CUT) e o Comando Nacional dos Banc\u00e1rios de que n\u00e3o demitiria funcion\u00e1rios durante a pandemia. Mas, no dia 28 de setembro, em desrespeito ao compromisso assumido, o banco iniciou um processo de demiss\u00f5es e, em menos de dois meses, j\u00e1 demitiu mais de 2.500 funcion\u00e1rios, segundo levantamentos da COE do Bradesco.<\/p>\n<p>\u201cIsso \u00e9 demiss\u00e3o em massa em plena pandemia! Conseguimos conquistar uma s\u00e9ria de medidas que resguardam os banc\u00e1rios do cont\u00e1gio pelo novo coronav\u00edrus, mas as demiss\u00f5es est\u00e1 deixando o pessoal numa grande tens\u00e3o, por medo do desemprego em plena pandemia. \u00c9 uma total falta de compromisso com seus funcion\u00e1rios e com a sociedade de forma geral, que v\u00ea aumentar o desemprego e tamb\u00e9m as filas nas ag\u00eancias\u201d, criticou a coordenadora da COE do Bradesco.<\/p>\n<p>\u201cE isso depois de o banco ter apresentado um lucro de quase R$ 13 bilh\u00f5es nos primeiros nove meses do ano\u201d, concluiu.<\/p>\n<h3>Campanha contra demiss\u00f5es<\/h3>\n<p>Coordenados pela Contraf-CUT, sindicatos de todo o pa\u00eds realizam uma campanha Nacional contra as demiss\u00f5es pelo Bradesco. Nesta segunda-feira (30) foi realizado mais um Dia Nacional de Luta contra as demiss\u00f5es realizadas pelo banco, com manifesta\u00e7\u00f5es nas imedia\u00e7\u00f5es de ag\u00eancias e departamentos do Bradesco de todo o pa\u00eds. Al\u00e9m disso, s\u00e3o constantes tamb\u00e9m as manifesta\u00e7\u00f5es nas redes sociais, com as hashtags #QueVergonhaBradesco e #QuemLucraN\u00e3oDemite.<\/p>\n<p><strong>Fonte: Contraf-CUT<\/strong><\/p>\n","protected":false},"excerpt":{"rendered":"<p>Ap\u00f3s cobran\u00e7as do movimento sindical, o Bradesco informou que a partir de desta segunda-feira (30) at\u00e9 19\/12 far\u00e1 testes de Covid-19 nos dependentes dos seus funcion\u00e1rios no plano de sa\u00fade. Os testes come\u00e7ar\u00e3o a ser realizados na Cidade de Deus, em Osasco (SP), onde se localiza a matriz do banco. A expans\u00e3o da iniciativa para [&hellip;]<\/p>\n","protected":false},"author":2,"featured_media":10056,"comment_status":"","ping_status":"","sticky":false,"template":"","format":"standard","meta":{"footnotes":""},"categories":[3],"tags":[],"class_list":["post-10057","post","type-post","status-publish","format-standard","has-post-thumbnail","hentry","category-noticias"],"_links":{"self":[{"href":"https:\/\/hostnetart.com.br\/baixada\/wp-json\/wp\/v2\/posts\/10057","targetHints":{"allow":["GET"]}}],"collection":[{"href":"https:\/\/hostnetart.com.br\/baixada\/wp-json\/wp\/v2\/posts"}],"about":[{"href":"https:\/\/hostnetart.com.br\/baixada\/wp-json\/wp\/v2\/types\/post"}],"author":[{"embeddable":true,"href":"https:\/\/hostnetart.com.br\/baixada\/wp-json\/wp\/v2\/users\/2"}],"replies":[{"embeddable":true,"href":"https:\/\/hostnetart.com.br\/baixada\/wp-json\/wp\/v2\/comments?post=10057"}],"version-history":[{"count":0,"href":"https:\/\/hostnetart.com.br\/baixada\/wp-json\/wp\/v2\/posts\/10057\/revisions"}],"wp:featuredmedia":[{"embeddable":true,"href":"https:\/\/hostnetart.com.br\/baixada\/wp-json\/wp\/v2\/media\/10056"}],"wp:attachment":[{"href":"https:\/\/hostnetart.com.br\/baixada\/wp-json\/wp\/v2\/media?parent=10057"}],"wp:term":[{"taxonomy":"category","embeddable":true,"href":"https:\/\/hostnetart.com.br\/baixada\/wp-json\/wp\/v2\/categories?post=10057"},{"taxonomy":"post_tag","embeddable":true,"href":"https:\/\/hostnetart.com.br\/baixada\/wp-json\/wp\/v2\/tags?post=10057"}],"curies":[{"name":"wp","href":"https:\/\/api.w.org\/{rel}","templated":true}]}}