{"id":10055,"date":"2020-11-30T14:26:10","date_gmt":"2020-11-30T17:26:10","guid":{"rendered":"https:\/\/hostnetart.com.br\/baixada\/categoria-faz-novos-atos-contra-demissoes-no-bradesco\/"},"modified":"2020-11-30T14:26:10","modified_gmt":"2020-11-30T17:26:10","slug":"categoria-faz-novos-atos-contra-demissoes-no-bradesco","status":"publish","type":"post","link":"https:\/\/hostnetart.com.br\/baixada\/categoria-faz-novos-atos-contra-demissoes-no-bradesco\/","title":{"rendered":"Categoria faz novos atos contra demiss\u00f5es no Bradesco"},"content":{"rendered":"<p>Banc\u00e1rios de todo o Brasil realizam nesta segunda-feira (30) mais um Dia de Luta contra as Demiss\u00f5es que est\u00e3o sendo feitas pelo Bradesco. S\u00e3o atos em ag\u00eancias e departamentos para denunciar o desrespeito do banco para com o acordo firmado com o movimento sindical banc\u00e1rio no come\u00e7o do ano, de n\u00e3o haver demiss\u00f5es durante a pandemia.<\/p>\n<p>O Bradesco j\u00e1 demitiu este ano mais de 2.500 trabalhadores, de acordo com c\u00e1lculos da Comiss\u00e3o de Organiza\u00e7\u00e3o dos Empregados (COE) do Bradesco, mesmo tendo registrado Lucro L\u00edquido Recorrente de R$ 12,657 bilh\u00f5es nos primeiros nove meses de 2020.<\/p>\n<p>As a\u00e7\u00f5es, que fazem parte da campanha organizada pela Confedera\u00e7\u00e3o Nacional dos Trabalhadores do Ramo Financeiro (Contraf-CUT) e sindicatos dos banc\u00e1rios de todo o pa\u00eds, n\u00e3o ir\u00e3o parar at\u00e9 que o banco pare de demitir e sejam revertidas as demiss\u00f5es realizadas.<\/p>\n<p><strong>Fonte: Contraf-CUT<\/strong><\/p>\n","protected":false},"excerpt":{"rendered":"<p>Banc\u00e1rios de todo o Brasil realizam nesta segunda-feira (30) mais um Dia de Luta contra as Demiss\u00f5es que est\u00e3o sendo feitas pelo Bradesco. S\u00e3o atos em ag\u00eancias e departamentos para denunciar o desrespeito do banco para com o acordo firmado com o movimento sindical banc\u00e1rio no come\u00e7o do ano, de n\u00e3o haver demiss\u00f5es durante a [&hellip;]<\/p>\n","protected":false},"author":2,"featured_media":10054,"comment_status":"","ping_status":"","sticky":false,"template":"","format":"standard","meta":{"footnotes":""},"categories":[3],"tags":[],"class_list":["post-10055","post","type-post","status-publish","format-standard","has-post-thumbnail","hentry","category-noticias"],"_links":{"self":[{"href":"https:\/\/hostnetart.com.br\/baixada\/wp-json\/wp\/v2\/posts\/10055","targetHints":{"allow":["GET"]}}],"collection":[{"href":"https:\/\/hostnetart.com.br\/baixada\/wp-json\/wp\/v2\/posts"}],"about":[{"href":"https:\/\/hostnetart.com.br\/baixada\/wp-json\/wp\/v2\/types\/post"}],"author":[{"embeddable":true,"href":"https:\/\/hostnetart.com.br\/baixada\/wp-json\/wp\/v2\/users\/2"}],"replies":[{"embeddable":true,"href":"https:\/\/hostnetart.com.br\/baixada\/wp-json\/wp\/v2\/comments?post=10055"}],"version-history":[{"count":0,"href":"https:\/\/hostnetart.com.br\/baixada\/wp-json\/wp\/v2\/posts\/10055\/revisions"}],"wp:featuredmedia":[{"embeddable":true,"href":"https:\/\/hostnetart.com.br\/baixada\/wp-json\/wp\/v2\/media\/10054"}],"wp:attachment":[{"href":"https:\/\/hostnetart.com.br\/baixada\/wp-json\/wp\/v2\/media?parent=10055"}],"wp:term":[{"taxonomy":"category","embeddable":true,"href":"https:\/\/hostnetart.com.br\/baixada\/wp-json\/wp\/v2\/categories?post=10055"},{"taxonomy":"post_tag","embeddable":true,"href":"https:\/\/hostnetart.com.br\/baixada\/wp-json\/wp\/v2\/tags?post=10055"}],"curies":[{"name":"wp","href":"https:\/\/api.w.org\/{rel}","templated":true}]}}