{"id":10053,"date":"2020-11-30T12:24:22","date_gmt":"2020-11-30T15:24:22","guid":{"rendered":"https:\/\/hostnetart.com.br\/baixada\/coe-define-estrategia-contra-demissoes-no-mercantil\/"},"modified":"2020-11-30T12:24:22","modified_gmt":"2020-11-30T15:24:22","slug":"coe-define-estrategia-contra-demissoes-no-mercantil","status":"publish","type":"post","link":"https:\/\/hostnetart.com.br\/baixada\/coe-define-estrategia-contra-demissoes-no-mercantil\/","title":{"rendered":"COE define estrat\u00e9gia contra demiss\u00f5es no Mercantil"},"content":{"rendered":"<p>A Comiss\u00e3o de Organiza\u00e7\u00e3o dos Empregados (COE) do Mercantil do Brasil se reuniu remotamente nesta sexta-feira (27), para tra\u00e7ar estrat\u00e9gias de mobiliza\u00e7\u00f5es e a\u00e7\u00f5es pol\u00edticas e urbanas contra as medidas desumanas do banco, que continua a demitir pais e m\u00e3es de fam\u00edlia em plena pandemia. O encontro contou com a participa\u00e7\u00e3o de sindicatos de todo o pa\u00eds. Na segunda quinzena de novembro o banco demitiu mais de 30 funcion\u00e1rios.<\/p>\n<p>\u201cO Mercantil precisa rever essa pol\u00edtica desumana de explora\u00e7\u00e3o de clientes e funcion\u00e1rios e reassumir o compromisso de n\u00e3o demiss\u00e3o firmado no in\u00edcio do ano. Enquanto n\u00e3o houver essa revers\u00e3o, continuaremos com nossas a\u00e7\u00f5es, tanto nas redes sociais quanto nas imedia\u00e7\u00f5es das ag\u00eancias e departamentos do banco\u201d, afirmou Marco Aur\u00e9lio Alves, coordenador da COE do Mercantil.<\/p>\n<h3>Desrespeito aos clientes<\/h3>\n<p>\u201cEnquanto o banco demite trabalhadores, as ag\u00eancias continuam registrando longas filas e sofrimento de clientes por falta de atendimento banc\u00e1rio. Os funcion\u00e1rios ainda tem que lidar com o ass\u00e9dio moral e a cobran\u00e7a exacerbada por metas cada vez mais absurdas\u201d, disse o coordenador da COE do Mercantil.<\/p>\n<p>O Mercantil tamb\u00e9m vem sendo alvo de reclama\u00e7\u00f5es de clientes contra a venda casada de produtos, o que infringe o C\u00f3digo de Defesa do Consumidor.<\/p>\n<p>A COE j\u00e1 denunciou essa situa\u00e7\u00e3o junto ao Recursos Humanos do banco, mas at\u00e9 o momento n\u00e3o houve uma resposta convincente.<\/p>\n<p>Diante ao atual momento adverso enfrentado pelos funcion\u00e1rios do Mercantil, os sindicatos de todo o pa\u00eds v\u00e3o realizar um Dia Nacional de Lutas em rep\u00fadio \u00e0s demiss\u00f5es e em solidariedade \u00e0s dezenas de pais e m\u00e3es de fam\u00edlias que perderam seus empregos em meio \u00e0 pandemia do coronav\u00edrus (Covid-19). A data, programada para ocorrer no in\u00edcio de dezembro, ser\u00e1 marcada por interven\u00e7\u00f5es urbanas, atos nas portas das ag\u00eancias, distribui\u00e7\u00e3o de cartas abertas \u00e0 popula\u00e7\u00e3o, mensagens em carros de som e mobiliza\u00e7\u00f5es virtuais.<\/p>\n<p><strong>Fonte: Contraf-CUT<\/strong><\/p>\n","protected":false},"excerpt":{"rendered":"<p>A Comiss\u00e3o de Organiza\u00e7\u00e3o dos Empregados (COE) do Mercantil do Brasil se reuniu remotamente nesta sexta-feira (27), para tra\u00e7ar estrat\u00e9gias de mobiliza\u00e7\u00f5es e a\u00e7\u00f5es pol\u00edticas e urbanas contra as medidas desumanas do banco, que continua a demitir pais e m\u00e3es de fam\u00edlia em plena pandemia. O encontro contou com a participa\u00e7\u00e3o de sindicatos de todo [&hellip;]<\/p>\n","protected":false},"author":2,"featured_media":10052,"comment_status":"","ping_status":"","sticky":false,"template":"","format":"standard","meta":{"footnotes":""},"categories":[3],"tags":[],"class_list":["post-10053","post","type-post","status-publish","format-standard","has-post-thumbnail","hentry","category-noticias"],"_links":{"self":[{"href":"https:\/\/hostnetart.com.br\/baixada\/wp-json\/wp\/v2\/posts\/10053","targetHints":{"allow":["GET"]}}],"collection":[{"href":"https:\/\/hostnetart.com.br\/baixada\/wp-json\/wp\/v2\/posts"}],"about":[{"href":"https:\/\/hostnetart.com.br\/baixada\/wp-json\/wp\/v2\/types\/post"}],"author":[{"embeddable":true,"href":"https:\/\/hostnetart.com.br\/baixada\/wp-json\/wp\/v2\/users\/2"}],"replies":[{"embeddable":true,"href":"https:\/\/hostnetart.com.br\/baixada\/wp-json\/wp\/v2\/comments?post=10053"}],"version-history":[{"count":0,"href":"https:\/\/hostnetart.com.br\/baixada\/wp-json\/wp\/v2\/posts\/10053\/revisions"}],"wp:featuredmedia":[{"embeddable":true,"href":"https:\/\/hostnetart.com.br\/baixada\/wp-json\/wp\/v2\/media\/10052"}],"wp:attachment":[{"href":"https:\/\/hostnetart.com.br\/baixada\/wp-json\/wp\/v2\/media?parent=10053"}],"wp:term":[{"taxonomy":"category","embeddable":true,"href":"https:\/\/hostnetart.com.br\/baixada\/wp-json\/wp\/v2\/categories?post=10053"},{"taxonomy":"post_tag","embeddable":true,"href":"https:\/\/hostnetart.com.br\/baixada\/wp-json\/wp\/v2\/tags?post=10053"}],"curies":[{"name":"wp","href":"https:\/\/api.w.org\/{rel}","templated":true}]}}