{"id":10051,"date":"2020-11-30T12:22:50","date_gmt":"2020-11-30T15:22:50","guid":{"rendered":"https:\/\/hostnetart.com.br\/baixada\/banco-do-brasil-convoca-funcionarios-a-se-engajarem-na-luta-contra-a-violencia-as-mulheres\/"},"modified":"2020-11-30T12:22:50","modified_gmt":"2020-11-30T15:22:50","slug":"banco-do-brasil-convoca-funcionarios-a-se-engajarem-na-luta-contra-a-violencia-as-mulheres","status":"publish","type":"post","link":"https:\/\/hostnetart.com.br\/baixada\/banco-do-brasil-convoca-funcionarios-a-se-engajarem-na-luta-contra-a-violencia-as-mulheres\/","title":{"rendered":"Banco do Brasil convoca funcion\u00e1rios a se engajarem na luta contra a viol\u00eancia \u00e0s mulheres"},"content":{"rendered":"<p>O Banco do Brasil enviou na quarta-feira (25) um comunicado interno para seus funcion\u00e1rios ressaltando o papel do banco e de cada um de seus funcion\u00e1rios (inclusive dos terceirizados, estagi\u00e1rios e aprendizes) no combate \u00e0 viol\u00eancia contra a mulher.<\/p>\n<p>Na nota, o banco ressalta que \u201ca viol\u00eancia contra a mulher \u00e9 um problema social e de sa\u00fade p\u00fablica que atinge pessoas de todas as etnias, religi\u00f5es, escolaridades e classes sociais. \u00c9 uma viola\u00e7\u00e3o de direitos humanos e liberdades fundamentais e precisa ser denunciado por toda a sociedade.\u201d<\/p>\n<p>O banco informa, ainda, que o dia 25 de novembro foi internacionalmente institu\u00eddo pela Organiza\u00e7\u00e3o das Na\u00e7\u00f5es Unidas (ONU) como o Dia Internacional da N\u00e3o Viol\u00eancia contra a Mulher.<\/p>\n<p>O comunicado tamb\u00e9m apresentou dados do Anu\u00e1rio Brasileiro de Seguran\u00e7a P\u00fablica 2020, publicado pelo F\u00f3rum Brasileiro de Seguran\u00e7a P\u00fablica, que afirma que, durante a pandemia, ca\u00edram os registros nas delegacias relacionados a agress\u00f5es em decorr\u00eancia de viol\u00eancia dom\u00e9stica (-9,9%), mas aumentaram as chamadas para o 190 (3,8%) e cresceu o n\u00famero de feminic\u00eddios (1,9%). Informa ainda que, em n\u00edvel mundial, a ONU advertiu que seis meses de restri\u00e7\u00f5es sanit\u00e1rias poderiam ocasionar 31 milh\u00f5es de casos adicionais de viol\u00eancia sexista no mundo, sete milh\u00f5es de gravidezes n\u00e3o desejadas, al\u00e9m de colocar em risco a luta contra a mutila\u00e7\u00e3o genital feminina e os casamentos arranjados.<\/p>\n<p>\u201cA fim de auxiliar a combater esses dados, a Conven\u00e7\u00e3o Coletiva de Trabalho, assinada em setembro deste ano entre Fenaban e entidades sindicais, possui cl\u00e1usula espec\u00edfica sobre a preven\u00e7\u00e3o \u00e0 viol\u00eancia contra a mulher que se destina a auxiliar as banc\u00e1rias que necessitam de ajuda para superar situa\u00e7\u00f5es de viol\u00eancia dom\u00e9stica e familiar, com o objetivo de romper o ciclo dessa viol\u00eancia\u201d, diz outro trecho da nota, que traz ainda formas de denunciar a viol\u00eancia e orienta\u00e7\u00f5es para que todos os funcion\u00e1rios se engajem na luta contra a viol\u00eancia \u00e0s mulheres, seja criando redes de solidariedade, contribuindo para o rompimento do sil\u00eancio e da barreira de isolamento.<\/p>\n<p>\u201cConverse, se posicione, fa\u00e7a sua parte. Compartilhe informa\u00e7\u00f5es caso tome conhecimento de situa\u00e7\u00f5es da esp\u00e9cie\u201d, conclui o Banco do Brasil em sua nota.<\/p>\n<p>As mulheres que fazem parte da Comiss\u00e3o de Empresa dos Funcion\u00e1rios do Banco do Brasil (CEBB), \u00f3rg\u00e3o que assessora a Confedera\u00e7\u00e3o Nacional dos Trabalhadores do Ramo Financeiro (Contraf-CUT) nas negocia\u00e7\u00f5es de na rela\u00e7\u00e3o com o banco, destacam que sempre cobram o banco quando o mesmo tem posturas com a qual n\u00e3o concordam, mas, desta vez, parabenizam a a\u00e7\u00e3o realizada.<\/p>\n<p>Consideram importante que o banco tenha tido essa iniciativa, inclusive divulgando que o movimento sindical construiu, junto \u00e0 Federa\u00e7\u00e3o Nacional dos Bancos (Fenaban), um canal para atender as banc\u00e1rias v\u00edtimas de viol\u00eancia dom\u00e9stica. Acreditam, tamb\u00e9m, que o comunicado do BB as ajudar\u00e1 a cobrar dos gestores de cada ag\u00eancia e departamento o compromisso e outras a\u00e7\u00f5es contra a viol\u00eancia \u00e0s mulheres para refor\u00e7ar o canal de atendimento \u00e0s banc\u00e1rias v\u00edtimas de viol\u00eancia.<\/p>\n<p>Mas, acreditam que, al\u00e9m do comunicado, \u00e9 importante que o banco fa\u00e7a um treinamento para que os gestores entendam como tratar poss\u00edveis demandas, garantindo sigilo e encaminhamento adequado. Tamb\u00e9m avaliam que ainda h\u00e1 muito que se avan\u00e7ar, principalmente no que diz respeito \u00e0 valoriza\u00e7\u00e3o da igualdade entre homens e mulheres no que diz respeito \u00e0 ascens\u00e3o profissional e de carreira, uma vez que ainda se constata no banco que quanto mais altos os cargos, menor o n\u00famero de participa\u00e7\u00e3o de mulheres. Este tamb\u00e9m \u00e9 um tipo de viol\u00eancia contra as mulheres que precisa ser corrigido. Contamos com o banco para a corre\u00e7\u00e3o deste problema.<\/p>\n<p><strong>Mulheres da Comiss\u00e3o de Empresa dos Funcion\u00e1rios do Banco do Brasil<\/strong><br \/>Ana Smolka \u2013 Fetec\/PR<br \/>Bianca Garbelini \u2013 Fetrafi\/RS<br \/>Elisa Ferreira \u2013 Feeb-SP\/MS<br \/>Fernanda Lopes Contraf-CUT<br \/>Luciana Bagno \u2013 Fetrafi\/MG<br \/>Marianna Coelho \u2013 Fetec\/CN<br \/>Rita Mota Fetraf-RJ\/ES<br \/>Sandra Trajano \u2013 Fetrafi\/NE<\/p>\n<p><span style=\"text-decoration: underline;\"><strong>Fonte: Contraf-CUT<\/strong><\/span><\/p>\n","protected":false},"excerpt":{"rendered":"<p>O Banco do Brasil enviou na quarta-feira (25) um comunicado interno para seus funcion\u00e1rios ressaltando o papel do banco e de cada um de seus funcion\u00e1rios (inclusive dos terceirizados, estagi\u00e1rios e aprendizes) no combate \u00e0 viol\u00eancia contra a mulher. Na nota, o banco ressalta que \u201ca viol\u00eancia contra a mulher \u00e9 um problema social e [&hellip;]<\/p>\n","protected":false},"author":2,"featured_media":10050,"comment_status":"","ping_status":"","sticky":false,"template":"","format":"standard","meta":{"footnotes":""},"categories":[3],"tags":[],"class_list":["post-10051","post","type-post","status-publish","format-standard","has-post-thumbnail","hentry","category-noticias"],"_links":{"self":[{"href":"https:\/\/hostnetart.com.br\/baixada\/wp-json\/wp\/v2\/posts\/10051","targetHints":{"allow":["GET"]}}],"collection":[{"href":"https:\/\/hostnetart.com.br\/baixada\/wp-json\/wp\/v2\/posts"}],"about":[{"href":"https:\/\/hostnetart.com.br\/baixada\/wp-json\/wp\/v2\/types\/post"}],"author":[{"embeddable":true,"href":"https:\/\/hostnetart.com.br\/baixada\/wp-json\/wp\/v2\/users\/2"}],"replies":[{"embeddable":true,"href":"https:\/\/hostnetart.com.br\/baixada\/wp-json\/wp\/v2\/comments?post=10051"}],"version-history":[{"count":0,"href":"https:\/\/hostnetart.com.br\/baixada\/wp-json\/wp\/v2\/posts\/10051\/revisions"}],"wp:featuredmedia":[{"embeddable":true,"href":"https:\/\/hostnetart.com.br\/baixada\/wp-json\/wp\/v2\/media\/10050"}],"wp:attachment":[{"href":"https:\/\/hostnetart.com.br\/baixada\/wp-json\/wp\/v2\/media?parent=10051"}],"wp:term":[{"taxonomy":"category","embeddable":true,"href":"https:\/\/hostnetart.com.br\/baixada\/wp-json\/wp\/v2\/categories?post=10051"},{"taxonomy":"post_tag","embeddable":true,"href":"https:\/\/hostnetart.com.br\/baixada\/wp-json\/wp\/v2\/tags?post=10051"}],"curies":[{"name":"wp","href":"https:\/\/api.w.org\/{rel}","templated":true}]}}