{"id":1005,"date":"2014-04-10T00:00:00","date_gmt":"2014-04-10T03:00:00","guid":{"rendered":"https:\/\/hostnetart.com.br\/baixada\/cut-destaca-unidade-na-luta-por-avancos-na-agenda-da-classe-trabalhadora\/"},"modified":"2014-04-10T00:00:00","modified_gmt":"2014-04-10T03:00:00","slug":"cut-destaca-unidade-na-luta-por-avancos-na-agenda-da-classe-trabalhadora","status":"publish","type":"post","link":"https:\/\/hostnetart.com.br\/baixada\/cut-destaca-unidade-na-luta-por-avancos-na-agenda-da-classe-trabalhadora\/","title":{"rendered":"CUT destaca unidade na luta por avan\u00e7os na agenda da classe trabalhadora"},"content":{"rendered":"<p>Protagonista nas lutas pol\u00edticas e com contribui\u00e7\u00e3o decisiva nos momentos hist\u00f3ricos do Brasil, a classe trabalhadora mais uma vez demonstrou seu poder de mobiliza\u00e7\u00e3o e interven\u00e7\u00e3o nos rumos do desenvolvimento do Pa\u00eds.<\/p>\n<p>Representantes de diversas localidades e das mais variadas categorias ocuparam nesta quarta-feira (9) as ruas do centro da capital paulista. A 8\u00aa Marcha da Classe Trabalhadora partiu da Pra\u00e7a da S\u00e9 e terminou no centro financeiro do Pa\u00eds, a Avenida Paulista.<\/p>\n<p>Lideran\u00e7as das estaduais da CUT presentes na 8\u00aa Marcha reconheceram as mudan\u00e7as consolidadas no \u00faltimo per\u00edodo, como o crescimento econ\u00f4mico induzido pelas pol\u00edticas redistributivas e o fortalecimento do mercado interno, por\u00e9m \u00e9 un\u00e2nime o desapontamento com a falta de compromisso em rela\u00e7\u00e3o a agenda da classe trabalhadora.<\/p>\n<p>Com a certeza de que caminho \u00e9 a press\u00e3o e a mobiliza\u00e7\u00e3o, os dirigentes avaliaram que a Marcha ser\u00e1 um divisor de \u00e1guas para a retomada do di\u00e1logo com o Executivo e Legislativo e avan\u00e7os na agenda da classe trabalhadora.<\/p>\n<p>\u201cEssa Marcha vai refletir nas mesas de negocia\u00e7\u00e3o n\u00e3o apenas com o governo federal, mas com os patr\u00f5es\u201d, avaliou S\u00e9rgio Nobre, secret\u00e1rio-geral da CUT.<\/p>\n<p><strong>Avalia\u00e7\u00f5es<\/strong><\/p>\n<p>\u201cNesse ano eleitoral precisamos estar atentos \u00e0s propostas dos candidatos. Nessa marcha, e n\u00e3o s\u00f3, a classe trabalhadora mostrou que tem for\u00e7a e sabe o que quer. Em S\u00e3o Paulo, estado mais rico do Brasil, \u00e9 a nossa oportunidade de mudar o modelo de desenvolvimento nas urnas. Para isso, campo e cidade precisam estar unidos.\u201d<\/p>\n<p><strong>Adi dos Santos Lima, presidente da CUT-SP<\/strong><\/p>\n<p>\u201cPrecisamos estar juntos para fortalecer a luta da classe trabalhadora, em especial neste ano de 2014, onde precisamos dizer a toda classe pol\u00edtica que queremos avan\u00e7ar na nossa pauta que est\u00e1 parada no Congresso Nacional, especialmente o fim do fator previdenci\u00e1rio e a redu\u00e7\u00e3o da jornada de trabalho, que s\u00e3o pontos crucias e n\u00e3o vamos descansar enquanto n\u00e3o conquistarmos.\u201d<\/p>\n<p><strong>Bia de Lima, presidenta da CUT-GO<\/strong><\/p>\n<p>\u201cAcreditamos na luta conjunta e com esta Marcha colocamos a nossa pauta na rua. Temos a certeza que o governo vai atender as nossas reivindica\u00e7\u00f5es porque o Brasil precisa continuar crescendo, gerando mais renda, com empregos e sal\u00e1rios dignos. Portanto, esta Marcha cumpre um papel importante na agenda di\u00e1ria dos trabalhadores e trabalhadoras.\u201d<\/p>\n<p><strong>Cedro Silva, presidente da CUT-BA<\/strong><\/p>\n<p>\u201cTemos que aproveitar que 2014 \u00e9 o Ano Internacional da Agricultura Familiar para avan\u00e7armos na agenda dos trabalhadores rurais. No estado do Paran\u00e1 h\u00e1 tamb\u00e9m uma intensa luta contra as privatiza\u00e7\u00f5es patrocinadas pelo governo PSDB, seja na Copel (Companhia Paranaense de Energia) ou na Companhia de Saneamento do Paran\u00e1 (Sanepar), est\u00e1 \u00faltima que \u00e9 a privatiza\u00e7\u00e3o da \u00e1gua, um bem comum para todo mundo.\u201d<\/p>\n<p><strong>Regina Cruz, presidenta da CUT-PR<\/strong><\/p>\n<p>\u201cO Brasil possui um Congresso Nacional extremamente conservador que impede o avan\u00e7o da nossa agenda. Fator previdenci\u00e1rio, redu\u00e7\u00e3o da jornada de trabalho, s\u00e3o quest\u00f5es que est\u00e3o paradas no Congresso e quem paga a conta s\u00e3o os trabalhadores que continuam gerando lucro e garantindo o crescimento econ\u00f4mico do Pa\u00eds, mas em contrapartida o desenvolvimento social n\u00e3o chega a esses trabalhadores. A press\u00e3o \u00e9 mais uma vez o caminho para que a gente volte a discutir a pauta positiva defendida pela CUT e demais centrais e que o governo e congresso voltem a dialogar com a classe trabalhadora.\u201d<\/p>\n<p><strong>Darby Igayara, presidente da CUT-RJ<\/strong><\/p>\n<p>\u201cEste \u00e9 um ano eleitoral e temos de aproveitar para explicitar as nossas pautas tradicionais, como \u00e0s 40 horas semanais, a corre\u00e7\u00e3o da tabela do Imposto de Renda, a luta contra PL 4330. Queremos que os candidatos assumam a defesa da agenda dos trabalhadores e que estes votem de acordo com esse compromisso manifestado pelos candidatos.\u201d<\/p>\n<p><strong>Itamar Ferreira, presidente da CUT-RO<\/strong><\/p>\n<p>\u201cA Marcha foi importante para pautar mudan\u00e7as no PIB do Brasil, numa mensagem curta e grossa dos trabalhadores e trabalhadoras de que n\u00e3o temos d\u00favidas que o momento \u00e9 de consolidar as conquistas e aprofundar as mudan\u00e7as.\u201d<\/p>\n<p><strong>Claudir Nespolo, presidente da CUT-RS<\/strong><\/p>\n<p>Fonte: CUT<\/p>\n","protected":false},"excerpt":{"rendered":"<p>Protagonista nas lutas pol\u00edticas e com contribui\u00e7\u00e3o decisiva nos momentos hist\u00f3ricos do Brasil, a classe trabalhadora mais uma vez demonstrou seu poder de mobiliza\u00e7\u00e3o e interven\u00e7\u00e3o nos rumos do desenvolvimento do Pa\u00eds. Representantes de diversas localidades e das mais variadas categorias ocuparam nesta quarta-feira (9) as ruas do centro da capital paulista. A 8\u00aa Marcha [&hellip;]<\/p>\n","protected":false},"author":1,"featured_media":0,"comment_status":"","ping_status":"","sticky":false,"template":"","format":"standard","meta":{"footnotes":""},"categories":[3],"tags":[],"class_list":["post-1005","post","type-post","status-publish","format-standard","hentry","category-noticias"],"_links":{"self":[{"href":"https:\/\/hostnetart.com.br\/baixada\/wp-json\/wp\/v2\/posts\/1005","targetHints":{"allow":["GET"]}}],"collection":[{"href":"https:\/\/hostnetart.com.br\/baixada\/wp-json\/wp\/v2\/posts"}],"about":[{"href":"https:\/\/hostnetart.com.br\/baixada\/wp-json\/wp\/v2\/types\/post"}],"author":[{"embeddable":true,"href":"https:\/\/hostnetart.com.br\/baixada\/wp-json\/wp\/v2\/users\/1"}],"replies":[{"embeddable":true,"href":"https:\/\/hostnetart.com.br\/baixada\/wp-json\/wp\/v2\/comments?post=1005"}],"version-history":[{"count":0,"href":"https:\/\/hostnetart.com.br\/baixada\/wp-json\/wp\/v2\/posts\/1005\/revisions"}],"wp:attachment":[{"href":"https:\/\/hostnetart.com.br\/baixada\/wp-json\/wp\/v2\/media?parent=1005"}],"wp:term":[{"taxonomy":"category","embeddable":true,"href":"https:\/\/hostnetart.com.br\/baixada\/wp-json\/wp\/v2\/categories?post=1005"},{"taxonomy":"post_tag","embeddable":true,"href":"https:\/\/hostnetart.com.br\/baixada\/wp-json\/wp\/v2\/tags?post=1005"}],"curies":[{"name":"wp","href":"https:\/\/api.w.org\/{rel}","templated":true}]}}