{"id":10049,"date":"2020-11-27T21:37:13","date_gmt":"2020-11-28T00:37:13","guid":{"rendered":"https:\/\/hostnetart.com.br\/baixada\/covid-atinge-agencia-do-bradesco-e-funcionarios-ficaram-trabalhando\/"},"modified":"2020-11-27T21:37:13","modified_gmt":"2020-11-28T00:37:13","slug":"covid-atinge-agencia-do-bradesco-e-funcionarios-ficaram-trabalhando","status":"publish","type":"post","link":"https:\/\/hostnetart.com.br\/baixada\/covid-atinge-agencia-do-bradesco-e-funcionarios-ficaram-trabalhando\/","title":{"rendered":"Covid atinge ag\u00eancia do Bradesco e funcion\u00e1rios ficaram trabalhando"},"content":{"rendered":"<p>A contamina\u00e7\u00e3o da Covid 19 atingiu a principal ag\u00eancia do Bradesco em Jundia\u00ed, interior de S\u00e3o Paulo, mas os funcion\u00e1rios continuaram trabalhando. Um banc\u00e1rio foi contaminado nesta semana e outros quatro est\u00e3o com suspeita de contamina\u00e7\u00e3o. Mas, mesmo assim, a ger\u00eancia da ag\u00eancia manteve funcion\u00e1rios trabalhando no local na quinta-feira (26), durante todo o dia. Nesta sexta-feira (27), sindicalistas foram \u00e0 porta da ag\u00eancia e constataram que ainda alguns banc\u00e1rios estavam no local.<\/p>\n<p>\u201cDesde ontem (quinta-feira, 26) tentamos tirar o pessoal da ag\u00eancia e os gerentes sempre encontram uma desculpa para adiar a retirada dos funcion\u00e1rios do local. A ag\u00eancia est\u00e1 fechada desde ontem para o p\u00fablico, mas a maior parte dos funcion\u00e1rios continuava l\u00e1 dentro. Eles n\u00e3o cumprem as normas de seguran\u00e7a e nem as sanit\u00e1rias. Tinha funcion\u00e1rio que n\u00e3o estava sabendo da contamina\u00e7\u00e3o. \u00c9 uma situa\u00e7\u00e3o grave\u201d, afirmou Gerson Carlos Pereira, secret\u00e1rio de Comunica\u00e7\u00e3o da Confedera\u00e7\u00e3o Nacional dos Trabalhadores do Ramo Financeiro (Contraf-CUT) e funcion\u00e1rio do Bradesco na cidade.<\/p>\n<p>A ag\u00eancia onde houve a contamina\u00e7\u00e3o fica na rua Bar\u00e3o de Jundia\u00ed, Centro da cidade, conhecida como Cal\u00e7ad\u00e3o da Bar\u00e3o. No local, al\u00e9m da ag\u00eancia de atendimento dos clientes, funcionam tamb\u00e9m a ag\u00eancia Prime e a ag\u00eancia Empresa. \u201cAs pessoas que ficaram l\u00e1 dentro, inclusive hoje, correram o risco de serem contaminadas e levarem o v\u00edrus para suas casas. A preocupa\u00e7\u00e3o do sindicato \u00e9 essa\u201d, disse o dirigente.<\/p>\n<p>Gerson informou entrou em contato com o setor de Recursos Humanos do Bradesco. \u201cEles disseram que conversaram com a ag\u00eancia e todo o protocolo foi cumprido. Disseram que a ag\u00eancia est\u00e1 fechada e que os funcion\u00e1rios que ficaram hoje era para fazer o protocolo para anteceder a sanitiza\u00e7\u00e3o, que vai come\u00e7ar agora\u201d, contou.<\/p>\n<p><strong>Fonte: Contraf-CUT<\/strong><\/p>\n","protected":false},"excerpt":{"rendered":"<p>A contamina\u00e7\u00e3o da Covid 19 atingiu a principal ag\u00eancia do Bradesco em Jundia\u00ed, interior de S\u00e3o Paulo, mas os funcion\u00e1rios continuaram trabalhando. Um banc\u00e1rio foi contaminado nesta semana e outros quatro est\u00e3o com suspeita de contamina\u00e7\u00e3o. Mas, mesmo assim, a ger\u00eancia da ag\u00eancia manteve funcion\u00e1rios trabalhando no local na quinta-feira (26), durante todo o dia. [&hellip;]<\/p>\n","protected":false},"author":2,"featured_media":10048,"comment_status":"","ping_status":"","sticky":false,"template":"","format":"standard","meta":{"footnotes":""},"categories":[3],"tags":[],"class_list":["post-10049","post","type-post","status-publish","format-standard","has-post-thumbnail","hentry","category-noticias"],"_links":{"self":[{"href":"https:\/\/hostnetart.com.br\/baixada\/wp-json\/wp\/v2\/posts\/10049","targetHints":{"allow":["GET"]}}],"collection":[{"href":"https:\/\/hostnetart.com.br\/baixada\/wp-json\/wp\/v2\/posts"}],"about":[{"href":"https:\/\/hostnetart.com.br\/baixada\/wp-json\/wp\/v2\/types\/post"}],"author":[{"embeddable":true,"href":"https:\/\/hostnetart.com.br\/baixada\/wp-json\/wp\/v2\/users\/2"}],"replies":[{"embeddable":true,"href":"https:\/\/hostnetart.com.br\/baixada\/wp-json\/wp\/v2\/comments?post=10049"}],"version-history":[{"count":0,"href":"https:\/\/hostnetart.com.br\/baixada\/wp-json\/wp\/v2\/posts\/10049\/revisions"}],"wp:featuredmedia":[{"embeddable":true,"href":"https:\/\/hostnetart.com.br\/baixada\/wp-json\/wp\/v2\/media\/10048"}],"wp:attachment":[{"href":"https:\/\/hostnetart.com.br\/baixada\/wp-json\/wp\/v2\/media?parent=10049"}],"wp:term":[{"taxonomy":"category","embeddable":true,"href":"https:\/\/hostnetart.com.br\/baixada\/wp-json\/wp\/v2\/categories?post=10049"},{"taxonomy":"post_tag","embeddable":true,"href":"https:\/\/hostnetart.com.br\/baixada\/wp-json\/wp\/v2\/tags?post=10049"}],"curies":[{"name":"wp","href":"https:\/\/api.w.org\/{rel}","templated":true}]}}