{"id":10045,"date":"2020-11-27T21:33:13","date_gmt":"2020-11-28T00:33:13","guid":{"rendered":"https:\/\/hostnetart.com.br\/baixada\/caixa-anuncia-extincao-do-semaforo\/"},"modified":"2020-11-27T21:33:13","modified_gmt":"2020-11-28T00:33:13","slug":"caixa-anuncia-extincao-do-semaforo","status":"publish","type":"post","link":"https:\/\/hostnetart.com.br\/baixada\/caixa-anuncia-extincao-do-semaforo\/","title":{"rendered":"Caixa anuncia extin\u00e7\u00e3o do \u201csem\u00e1foro\u201d"},"content":{"rendered":"<p>A extin\u00e7\u00e3o do \u201csem\u00e1foro\u201d sempre foi reivindicado pela Confedera\u00e7\u00e3o Nacional dos Trabalhadores do Ramo Financeiro (Contraf-CUT), por meio da Comiss\u00e3o Executiva dos Empregados da Caixa (CEE\/Caixa). Essa mudan\u00e7a libera a movimenta\u00e7\u00e3o dos empregados entre as vice-presid\u00eancias, matriz, rede, centralizadoras e filiais.<\/p>\n<p>\u201cEsta medida se trata de algo que sempre reivindicamos. At\u00e9 porque, o sem\u00e1foro prejudicava principalmente os colegas que est\u00e3o nas ag\u00eancias. Vale ressaltar que tamb\u00e9m precisamos avan\u00e7ar no debate com a Caixa sobre o Processo Seletivo Interno (PSI) da empresa, pois cobramos que o processo deve ser universal e mais objetivo, tendo menos avalia\u00e7\u00e3o subjetiva do gestor\u201d, explicou Fabiana Uehara Proscholdt, coordenadora da CEE\/Caixa e secret\u00e1ria de Cultura da Confedera\u00e7\u00e3o Nacional dos Trabalhadores do Ramo Financeiro (Contraf-CUT).<\/p>\n<p>A mudan\u00e7a foi anunciada pelo presidente da Caixa, Pedro Guimaraes, e transmitida para todo o pa\u00eds em v\u00eddeo streaming. Na ocasi\u00e3o, al\u00e9m da an\u00e1lise do\u00a0<a href=\"https:\/\/contrafcut.com.br\/noticias\/lucro-da-caixa-chega-aos-r-75-bilhoes-em-nove-meses\/\">balan\u00e7o do 3\u00ba trimestre do banco<\/a>, tamb\u00e9m foram anunciadas outras medidas que fazem parte da reivindica\u00e7\u00e3o dos empregados da Caixa, como a antecipa\u00e7\u00e3o do pagamento do sal\u00e1rio e dos aux\u00edlios refei\u00e7\u00e3o e alimenta\u00e7\u00e3o, do dia 20 para 14 de dezembro, al\u00e9m de nova sistem\u00e1tica de incentivo ao mestrado e doutorado, possibilitando a qualifica\u00e7\u00e3o dos empregados.<\/p>\n<p>\u201cO presidente Pedro Guimar\u00e3es \u00e9 um marqueteiro de primeira. Anuncia coisas como se fosse uma benesse exclusiva dele e n\u00e3o algo j\u00e1 reivindicado h\u00e1 tempos pela representa\u00e7\u00e3o dos empregados. E, paralelo a isso, faz movimenta\u00e7\u00e3o para enfraquecer a Caixa. N\u00e3o \u00e9 f\u00e1cil n\u00e3o\u201d, argumentou Fabiana.<\/p>\n<p><strong>Fonte: Contraf-CUT<\/strong><\/p>\n","protected":false},"excerpt":{"rendered":"<p>A extin\u00e7\u00e3o do \u201csem\u00e1foro\u201d sempre foi reivindicado pela Confedera\u00e7\u00e3o Nacional dos Trabalhadores do Ramo Financeiro (Contraf-CUT), por meio da Comiss\u00e3o Executiva dos Empregados da Caixa (CEE\/Caixa). Essa mudan\u00e7a libera a movimenta\u00e7\u00e3o dos empregados entre as vice-presid\u00eancias, matriz, rede, centralizadoras e filiais. \u201cEsta medida se trata de algo que sempre reivindicamos. At\u00e9 porque, o sem\u00e1foro prejudicava [&hellip;]<\/p>\n","protected":false},"author":2,"featured_media":10044,"comment_status":"","ping_status":"","sticky":false,"template":"","format":"standard","meta":{"footnotes":""},"categories":[3],"tags":[],"class_list":["post-10045","post","type-post","status-publish","format-standard","has-post-thumbnail","hentry","category-noticias"],"_links":{"self":[{"href":"https:\/\/hostnetart.com.br\/baixada\/wp-json\/wp\/v2\/posts\/10045","targetHints":{"allow":["GET"]}}],"collection":[{"href":"https:\/\/hostnetart.com.br\/baixada\/wp-json\/wp\/v2\/posts"}],"about":[{"href":"https:\/\/hostnetart.com.br\/baixada\/wp-json\/wp\/v2\/types\/post"}],"author":[{"embeddable":true,"href":"https:\/\/hostnetart.com.br\/baixada\/wp-json\/wp\/v2\/users\/2"}],"replies":[{"embeddable":true,"href":"https:\/\/hostnetart.com.br\/baixada\/wp-json\/wp\/v2\/comments?post=10045"}],"version-history":[{"count":0,"href":"https:\/\/hostnetart.com.br\/baixada\/wp-json\/wp\/v2\/posts\/10045\/revisions"}],"wp:featuredmedia":[{"embeddable":true,"href":"https:\/\/hostnetart.com.br\/baixada\/wp-json\/wp\/v2\/media\/10044"}],"wp:attachment":[{"href":"https:\/\/hostnetart.com.br\/baixada\/wp-json\/wp\/v2\/media?parent=10045"}],"wp:term":[{"taxonomy":"category","embeddable":true,"href":"https:\/\/hostnetart.com.br\/baixada\/wp-json\/wp\/v2\/categories?post=10045"},{"taxonomy":"post_tag","embeddable":true,"href":"https:\/\/hostnetart.com.br\/baixada\/wp-json\/wp\/v2\/tags?post=10045"}],"curies":[{"name":"wp","href":"https:\/\/api.w.org\/{rel}","templated":true}]}}