{"id":10041,"date":"2020-11-27T03:35:09","date_gmt":"2020-11-27T06:35:09","guid":{"rendered":"https:\/\/hostnetart.com.br\/baixada\/novas-manifestacoes-denunciam-demissoes-em-massa-pelo-bradesco\/"},"modified":"2020-11-27T03:35:09","modified_gmt":"2020-11-27T06:35:09","slug":"novas-manifestacoes-denunciam-demissoes-em-massa-pelo-bradesco","status":"publish","type":"post","link":"https:\/\/hostnetart.com.br\/baixada\/novas-manifestacoes-denunciam-demissoes-em-massa-pelo-bradesco\/","title":{"rendered":"Novas manifesta\u00e7\u00f5es denunciam demiss\u00f5es em massa pelo Bradesco"},"content":{"rendered":"<p>Sindicatos de banc\u00e1rios de todo o pa\u00eds realizaram nesta quinta-feira (26) mais um\u00a0<a href=\"https:\/\/www.facebook.com\/media\/set\/?vanity=contrafcut&amp;set=a.4095702463776091\">Dia Nacional de Luta contra as demiss\u00f5es realizadas pelo banco Bradesco<\/a>, em plena pandemia.<\/p>\n<p>\u201cO banco se comprometeu a n\u00e3o demitir durante a pandemia. Mas,\u00a0<a href=\"https:\/\/contrafcut.com.br\/noticias\/contraf-cut-cobra-reuniao-com-o-bradesco\/\">no dia 28 de setembro descumpriu essa promessa<\/a>\u00a0e, em menos de dois meses, j\u00e1 demitiu mais de 2.500 funcion\u00e1rios. Isso \u00e9 demiss\u00e3o em massa!\u201d, criticou a coordenadora da Comiss\u00e3o de Organiza\u00e7\u00e3o dos Empregados (COE) do Bradesco, Magaly Fagundes. \u201cE o\u00a0<a href=\"https:\/\/saude.abril.com.br\/medicina\/aumento-de-casos-de-covid-19-e-realidade-no-brasil-o-que-isso-significa\/\">aumento do n\u00famero de infec\u00e7\u00f5es e mortes pela Covid-19<\/a>\u00a0n\u00e3o deixa d\u00favidas: a pandemia n\u00e3o acabou\u201d, completou.<\/p>\n<p>Os atos s\u00e3o uma forma de protesto e fazem parte da\u00a0<a href=\"https:\/\/contrafcut.com.br\/noticias\/bancos-aumentam-lucros-e-demissoes\">campanha nacional<\/a>\u00a0organizada pela Confedera\u00e7\u00e3o Nacional dos Trabalhadores do Ramo Financeiro (Contraf-CUT) e sindicatos de banc\u00e1rios de todo o pa\u00eds contra as demiss\u00f5es pelos bancos, que obtiveram lucros bilion\u00e1rios. O Bradesco, por exemplo, obteve\u00a0<a href=\"https:\/\/contrafcut.com.br\/noticias\/bradesco-demite-funcionarios-mesmo-com-lucro-de-quase-r-13-bi-em-nove-meses\">Lucro L\u00edquido Recorrente de R$ 12,657 bilh\u00f5es<\/a>\u00a0nos primeiros nove meses de 2020.<\/p>\n<p>Al\u00e9m das manifesta\u00e7\u00f5es nas imedia\u00e7\u00f5es das ag\u00eancias e departamentos, a campanha conta com outras a\u00e7\u00f5es para pressionar o banco, como o\u00a0<a href=\"https:\/\/contrafcut.com.br\/noticias\/e-hoje-o-tuitaco-contra-as-demissoes-no-bradesco\">tuita\u00e7o realizado na ter\u00e7a-feira (24)<\/a>.<\/p>\n<p>\u201cO banco precisa rever essa pol\u00edtica de demiss\u00f5es e reassumir o\u00a0<a href=\"https:\/\/contrafcut.com.br\/noticias\/depois-de-cobranca-do-comando-nacional-dos-bancarios-bradesco-assume-o-compromisso-de-nao-demissao\">compromisso que fez em abril com a n\u00e3o demiss\u00e3o<\/a>. Enquanto n\u00e3o houver essa revers\u00e3o, continuaremos com nossas a\u00e7\u00f5es, tanto nas redes sociais quanto nas imedia\u00e7\u00f5es das ag\u00eancias e departamentos do banco\u201d, afirmou Magaly.<\/p>\n<p>As manifesta\u00e7\u00f5es e tuita\u00e7os contra as demiss\u00f5es pelo Bradesco j\u00e1 v\u00eam ocorrendo h\u00e1 mais de um m\u00eas e as hashtags #QueVergonhaBradesco e #QuemLucraN\u00e3oDemite tem figurado entre os assuntos mais comentados do Twitter nos dias das a\u00e7\u00f5es nas redes, tendo, inclusive, sido\u00a0<a href=\"https:\/\/valorinveste.globo.com\/mercados\/renda-variavel\/empresas\/noticia\/2020\/11\/17\/bradesco-e-criticado-no-twitter-por-demitir-funcionarios-mesmo-tendo-lucro.ghtml\">pauta em diversos ve\u00edculos de comunica\u00e7\u00e3o<\/a>.<\/p>\n<p><strong>Fonte: Contraf-CUT<\/strong><\/p>\n","protected":false},"excerpt":{"rendered":"<p>Sindicatos de banc\u00e1rios de todo o pa\u00eds realizaram nesta quinta-feira (26) mais um\u00a0Dia Nacional de Luta contra as demiss\u00f5es realizadas pelo banco Bradesco, em plena pandemia. \u201cO banco se comprometeu a n\u00e3o demitir durante a pandemia. Mas,\u00a0no dia 28 de setembro descumpriu essa promessa\u00a0e, em menos de dois meses, j\u00e1 demitiu mais de 2.500 funcion\u00e1rios. [&hellip;]<\/p>\n","protected":false},"author":2,"featured_media":10040,"comment_status":"","ping_status":"","sticky":false,"template":"","format":"standard","meta":{"footnotes":""},"categories":[3],"tags":[],"class_list":["post-10041","post","type-post","status-publish","format-standard","has-post-thumbnail","hentry","category-noticias"],"_links":{"self":[{"href":"https:\/\/hostnetart.com.br\/baixada\/wp-json\/wp\/v2\/posts\/10041","targetHints":{"allow":["GET"]}}],"collection":[{"href":"https:\/\/hostnetart.com.br\/baixada\/wp-json\/wp\/v2\/posts"}],"about":[{"href":"https:\/\/hostnetart.com.br\/baixada\/wp-json\/wp\/v2\/types\/post"}],"author":[{"embeddable":true,"href":"https:\/\/hostnetart.com.br\/baixada\/wp-json\/wp\/v2\/users\/2"}],"replies":[{"embeddable":true,"href":"https:\/\/hostnetart.com.br\/baixada\/wp-json\/wp\/v2\/comments?post=10041"}],"version-history":[{"count":0,"href":"https:\/\/hostnetart.com.br\/baixada\/wp-json\/wp\/v2\/posts\/10041\/revisions"}],"wp:featuredmedia":[{"embeddable":true,"href":"https:\/\/hostnetart.com.br\/baixada\/wp-json\/wp\/v2\/media\/10040"}],"wp:attachment":[{"href":"https:\/\/hostnetart.com.br\/baixada\/wp-json\/wp\/v2\/media?parent=10041"}],"wp:term":[{"taxonomy":"category","embeddable":true,"href":"https:\/\/hostnetart.com.br\/baixada\/wp-json\/wp\/v2\/categories?post=10041"},{"taxonomy":"post_tag","embeddable":true,"href":"https:\/\/hostnetart.com.br\/baixada\/wp-json\/wp\/v2\/tags?post=10041"}],"curies":[{"name":"wp","href":"https:\/\/api.w.org\/{rel}","templated":true}]}}