{"id":10039,"date":"2020-11-27T03:33:31","date_gmt":"2020-11-27T06:33:31","guid":{"rendered":"https:\/\/hostnetart.com.br\/baixada\/lucro-da-caixa-chega-aos-r-7-5-bilhoes-em-nove-meses\/"},"modified":"2020-11-27T03:33:31","modified_gmt":"2020-11-27T06:33:31","slug":"lucro-da-caixa-chega-aos-r-7-5-bilhoes-em-nove-meses","status":"publish","type":"post","link":"https:\/\/hostnetart.com.br\/baixada\/lucro-da-caixa-chega-aos-r-7-5-bilhoes-em-nove-meses\/","title":{"rendered":"Lucro da Caixa chega aos R$ 7,5 bilh\u00f5es em nove meses"},"content":{"rendered":"<div class=\"elementor-element elementor-element-194680ec elementor-widget elementor-widget-theme-post-content\" data-id=\"194680ec\" data-element_type=\"widget\" data-widget_type=\"theme-post-content.default\">\n<div class=\"elementor-widget-container\">\n<p>O lucro l\u00edquido da Caixa Econ\u00f4mica Federal nos primeiros nove meses de 2020 foi de R$ 7,5 bilh\u00f5es. No trimestre, o lucro l\u00edquido foi de R$ 1,9 bilh\u00e3o e o lucro ajustado foi de R$ 2,6 bilh\u00f5es, crescendo 1,7% em rela\u00e7\u00e3o ao\u00a0<a href=\"https:\/\/contrafcut.com.br\/noticias\/caixa-lucra-r-56-bilhoes-no-1o-semestre-de-2020\" target=\"_blank\" rel=\"noopener noreferrer\">2\u00ba trimestre de 2020<\/a>, segundo an\u00e1lise feita pelo Departamento Intersindical de Estat\u00edstica e Estudos Socioecon\u00f4micos (Dieese), com base no balan\u00e7o trimestral divulgado pelo banco nesta quarta-feira (25). A Caixa n\u00e3o explicou os fatores que causam a diferen\u00e7a entre o lucro l\u00edquido e o ajustado. Em doze meses, a rentabilidade sobre o patrim\u00f4nio l\u00edquido m\u00e9dio da institui\u00e7\u00e3o foi de 12,72%.<\/p>\n<p>\u201c\u00c9 preciso destacar que a Caixa obteve lucro de R$ 7,5 bilh\u00f5es, mesmo neste per\u00edodo de pandemia. \u00c9 uma institui\u00e7\u00e3o que n\u00e3o traz preju\u00edzo para o pa\u00eds, ao contr\u00e1rio, contribui com dividendos para o Tesouro Nacional. Ou seja, n\u00e3o h\u00e1 motivo para que o Governo Federal e o ministro (da Economia) Paulo Guedes insistam com a privatiza\u00e7\u00e3o fatiada do banco, por meio da venda de subsidi\u00e1rias\u201d, observou a coordenadora da Comiss\u00e3o Executiva dos Empregados da Caixa, Fabiana Uehara Proscholdt, que tamb\u00e9m \u00e9 secret\u00e1ria de Cultura da Confedera\u00e7\u00e3o Nacional dos Trabalhadores do Ramo Financeiro (Contraf-CUT).<\/p>\n<h3><strong>Aux\u00edlio emergencial e quadro de trabalho<\/strong><\/h3>\n<p>A coordenadora da CEE\/Caixa ressaltou, tamb\u00e9m, a atua\u00e7\u00e3o da Caixa com o pagamento do aux\u00edlio emergencial. \u201cQuando falamos em aux\u00edlio emergencial, muita gente lembra apenas das enormes filas que se formaram nas imedia\u00e7\u00f5es das ag\u00eancias da Caixa. Mas, se esquecem de que essas filas se formam devido \u00e0 m\u00e1 gest\u00e3o do Governo, que centralizou os pagamentos na Caixa, quando poderia dar responsabilidade tamb\u00e9m aos outros bancos; que criou um sistema de cadastro exclusivo pela internet, que n\u00e3o funcionava e as pessoas procuram o banco para tentar fazer o cadastro; enfim, o Governo comete os erros e s\u00e3o os empregados da Caixa que, indevidamente, recebem as cr\u00edticas\u201d, disse.<\/p>\n<p>Fabiana acrescentou, ainda, que a instabilidade do sistema da Caixa tamb\u00e9m contribui para a forma\u00e7\u00e3o de filas e que a CEE\/Caixa cobra constantemente do banco a melhoria e estabiliza\u00e7\u00e3o do sistema.<\/p>\n<h3><strong>Sobrecarga<\/strong><\/h3>\n<p>A coordenadora da CEE\/Caixa tamb\u00e9m disse que a redu\u00e7\u00e3o do quadro de pessoal tamb\u00e9m influencia na forma\u00e7\u00e3o de filas. \u201cOs empregados j\u00e1 estavam sobrecarregados devido aos in\u00fameros PDVs (planos de demiss\u00f5es volunt\u00e1rias) que foram realizados, sem que houvesse reposi\u00e7\u00e3o do quadro de trabalhadores. \u00c9 preciso convocar j\u00e1 os aprovados no concurso para repor o quadro\u201d, completou.<\/p>\n<p>Dados do balan\u00e7o divulgado nesta quarta-feira mostram que a Caixa encerrou 3\u00ba trimestre de 2020 com 84.290 empregados, com fechamento de 796 postos de trabalho em doze meses. Destes, 30 postos de trabalho foram reduzidos entre mar\u00e7o e setembro de 2020, em plena pandemia. Tamb\u00e9m foram fechadas duas ag\u00eancias. Em contrapartida, a Caixa registrou incremento de aproximadamente 43.565 milh\u00f5es de novos clientes.<\/p>\n<p>\u201cComo n\u00e3o haver filas? Aumenta-se absurdamente a demanda, fecham-se ag\u00eancias e reduz-se o quadro de pessoal. E ainda h\u00e1 quem queira colocar a culpa pelas filas nos trabalhadores que, assim como fazem os m\u00e9dicos e enfermeiros, cumprem arduamente suas fun\u00e7\u00f5es na linha de frente de atendimento \u00e0 popula\u00e7\u00e3o, em plena pandemia\u201d, destacou Fabiana.<\/p>\n<p>Veja abaixo a tabela resumo do balan\u00e7o da Caixa, ou, se preferir, leia a\u00a0<a href=\"https:\/\/contrafcut.com.br\/wp-content\/uploads\/2020\/11\/destaquescaixa-9m2020.pdf\" target=\"_blank\" rel=\"noopener noreferrer\">an\u00e1lise do Dieese na \u00edntegra<\/a>.<\/p>\n<figure class=\"wp-block-image size-large\"><img fetchpriority=\"high\" decoding=\"async\" class=\"wp-image-285017\" src=\"https:\/\/contrafcut.com.br\/wp-content\/uploads\/2020\/11\/tag-lucro-caixa-3o-tri2020.jpeg\" sizes=\"(max-width: 1280px) 100vw, 1280px\" srcset=\"https:\/\/contrafcut.com.br\/wp-content\/uploads\/2020\/11\/tag-lucro-caixa-3o-tri2020.jpeg 1280w, https:\/\/contrafcut.com.br\/wp-content\/uploads\/2020\/11\/tag-lucro-caixa-3o-tri2020-293x230.jpeg 293w, https:\/\/contrafcut.com.br\/wp-content\/uploads\/2020\/11\/tag-lucro-caixa-3o-tri2020-768x603.jpeg 768w\" alt=\"\" width=\"1280\" height=\"1005\" \/><\/figure>\n<\/div>\n<\/div>\n<div class=\"elementor-element elementor-element-76b46e1 elementor-widget elementor-widget-post-info\" data-id=\"76b46e1\" data-element_type=\"widget\" data-widget_type=\"post-info.default\">\n<div class=\"elementor-widget-container\">\n<p>\u00a0<\/p>\n<p>\u00a0<\/p>\n<p><strong><span class=\"elementor-icon-list-text elementor-post-info__item elementor-post-info__item--type-terms\"><span class=\"elementor-post-info__terms-list\">Fonte: Contraf-CUT<\/span><\/span><\/strong><\/p>\n<\/div>\n<\/div>\n","protected":false},"excerpt":{"rendered":"<p>O lucro l\u00edquido da Caixa Econ\u00f4mica Federal nos primeiros nove meses de 2020 foi de R$ 7,5 bilh\u00f5es. No trimestre, o lucro l\u00edquido foi de R$ 1,9 bilh\u00e3o e o lucro ajustado foi de R$ 2,6 bilh\u00f5es, crescendo 1,7% em rela\u00e7\u00e3o ao\u00a02\u00ba trimestre de 2020, segundo an\u00e1lise feita pelo Departamento Intersindical de Estat\u00edstica e Estudos [&hellip;]<\/p>\n","protected":false},"author":2,"featured_media":10038,"comment_status":"","ping_status":"","sticky":false,"template":"","format":"standard","meta":{"footnotes":""},"categories":[3],"tags":[],"class_list":["post-10039","post","type-post","status-publish","format-standard","has-post-thumbnail","hentry","category-noticias"],"_links":{"self":[{"href":"https:\/\/hostnetart.com.br\/baixada\/wp-json\/wp\/v2\/posts\/10039","targetHints":{"allow":["GET"]}}],"collection":[{"href":"https:\/\/hostnetart.com.br\/baixada\/wp-json\/wp\/v2\/posts"}],"about":[{"href":"https:\/\/hostnetart.com.br\/baixada\/wp-json\/wp\/v2\/types\/post"}],"author":[{"embeddable":true,"href":"https:\/\/hostnetart.com.br\/baixada\/wp-json\/wp\/v2\/users\/2"}],"replies":[{"embeddable":true,"href":"https:\/\/hostnetart.com.br\/baixada\/wp-json\/wp\/v2\/comments?post=10039"}],"version-history":[{"count":0,"href":"https:\/\/hostnetart.com.br\/baixada\/wp-json\/wp\/v2\/posts\/10039\/revisions"}],"wp:featuredmedia":[{"embeddable":true,"href":"https:\/\/hostnetart.com.br\/baixada\/wp-json\/wp\/v2\/media\/10038"}],"wp:attachment":[{"href":"https:\/\/hostnetart.com.br\/baixada\/wp-json\/wp\/v2\/media?parent=10039"}],"wp:term":[{"taxonomy":"category","embeddable":true,"href":"https:\/\/hostnetart.com.br\/baixada\/wp-json\/wp\/v2\/categories?post=10039"},{"taxonomy":"post_tag","embeddable":true,"href":"https:\/\/hostnetart.com.br\/baixada\/wp-json\/wp\/v2\/tags?post=10039"}],"curies":[{"name":"wp","href":"https:\/\/api.w.org\/{rel}","templated":true}]}}