{"id":10037,"date":"2020-11-27T03:32:30","date_gmt":"2020-11-27T06:32:30","guid":{"rendered":"https:\/\/hostnetart.com.br\/baixada\/demissoes-no-bradesco-provocam-novas-manifestacoes-em-todo-o-pais\/"},"modified":"2020-11-27T03:32:30","modified_gmt":"2020-11-27T06:32:30","slug":"demissoes-no-bradesco-provocam-novas-manifestacoes-em-todo-o-pais","status":"publish","type":"post","link":"https:\/\/hostnetart.com.br\/baixada\/demissoes-no-bradesco-provocam-novas-manifestacoes-em-todo-o-pais\/","title":{"rendered":"Demiss\u00f5es no Bradesco provocam novas manifesta\u00e7\u00f5es em todo o pa\u00eds"},"content":{"rendered":"<p>Nesta quinta-feira (26), banc\u00e1rios de todo o Brasil realizam manifesta\u00e7\u00f5es em ag\u00eancias e departamentos do Bradesco. Os atos s\u00e3o uma forma de protesto contra as demiss\u00f5es realizadas pelo banco. Na ter\u00e7a-feira (24), aconteceu um tuita\u00e7o contra a politica do Bradesco de demitir em plena pandemia, desrespeitando acordo firmado com o movimento sindical no primeiro semestre.<\/p>\n<p>A a\u00e7\u00e3o, que faz parte da campanha organizada pela Confedera\u00e7\u00e3o Nacional dos Trabalhadores do Ramo Financeiro (Contraf-CUT) e sindicatos dos banc\u00e1rios de todo o pa\u00eds, n\u00e3o ir\u00e1 parar at\u00e9 que as demiss\u00f5es sejam encerradas e as feitas at\u00e9 o momento revertidas. Na semana passada, outras manifesta\u00e7\u00f5es e um tuita\u00e7o em ag\u00eancias e departamentos do banco foram realizados. O Bradesco j\u00e1 demitiu este ano mais de 2.000 trabalhadores, de acordo com c\u00e1lculos da Comiss\u00e3o de Organiza\u00e7\u00e3o dos Empregados (COE) do Bradesco. Isso no mesmo per\u00edodo em que obteve Lucro L\u00edquido Recorrente de R$ 12,657 bilh\u00f5es nos primeiros nove meses de 2020.<\/p>\n<p>As manifesta\u00e7\u00f5es contra o Bradesco nas redes sociais figuraram entre os assuntos mais comentados do Twitter. O tuita\u00e7o chamou a aten\u00e7\u00e3o de v\u00e1rios ve\u00edculos de comunica\u00e7\u00e3o, com as hashtags #QueVergonhaBradesco e #QuemLucraN\u00e3oDemite entre as mais postadas.<\/p>\n<p><strong>Fonte: Contraf-CUT<\/strong><\/p>\n","protected":false},"excerpt":{"rendered":"<p>Nesta quinta-feira (26), banc\u00e1rios de todo o Brasil realizam manifesta\u00e7\u00f5es em ag\u00eancias e departamentos do Bradesco. Os atos s\u00e3o uma forma de protesto contra as demiss\u00f5es realizadas pelo banco. Na ter\u00e7a-feira (24), aconteceu um tuita\u00e7o contra a politica do Bradesco de demitir em plena pandemia, desrespeitando acordo firmado com o movimento sindical no primeiro semestre. [&hellip;]<\/p>\n","protected":false},"author":2,"featured_media":10036,"comment_status":"","ping_status":"","sticky":false,"template":"","format":"standard","meta":{"footnotes":""},"categories":[3],"tags":[],"class_list":["post-10037","post","type-post","status-publish","format-standard","has-post-thumbnail","hentry","category-noticias"],"_links":{"self":[{"href":"https:\/\/hostnetart.com.br\/baixada\/wp-json\/wp\/v2\/posts\/10037","targetHints":{"allow":["GET"]}}],"collection":[{"href":"https:\/\/hostnetart.com.br\/baixada\/wp-json\/wp\/v2\/posts"}],"about":[{"href":"https:\/\/hostnetart.com.br\/baixada\/wp-json\/wp\/v2\/types\/post"}],"author":[{"embeddable":true,"href":"https:\/\/hostnetart.com.br\/baixada\/wp-json\/wp\/v2\/users\/2"}],"replies":[{"embeddable":true,"href":"https:\/\/hostnetart.com.br\/baixada\/wp-json\/wp\/v2\/comments?post=10037"}],"version-history":[{"count":0,"href":"https:\/\/hostnetart.com.br\/baixada\/wp-json\/wp\/v2\/posts\/10037\/revisions"}],"wp:featuredmedia":[{"embeddable":true,"href":"https:\/\/hostnetart.com.br\/baixada\/wp-json\/wp\/v2\/media\/10036"}],"wp:attachment":[{"href":"https:\/\/hostnetart.com.br\/baixada\/wp-json\/wp\/v2\/media?parent=10037"}],"wp:term":[{"taxonomy":"category","embeddable":true,"href":"https:\/\/hostnetart.com.br\/baixada\/wp-json\/wp\/v2\/categories?post=10037"},{"taxonomy":"post_tag","embeddable":true,"href":"https:\/\/hostnetart.com.br\/baixada\/wp-json\/wp\/v2\/tags?post=10037"}],"curies":[{"name":"wp","href":"https:\/\/api.w.org\/{rel}","templated":true}]}}