{"id":10035,"date":"2020-11-26T17:39:53","date_gmt":"2020-11-26T20:39:53","guid":{"rendered":"https:\/\/hostnetart.com.br\/baixada\/bancaria-do-bradesco-e-reintegrada-sindicato-dos-bancarios-da-baixada-fluminense\/"},"modified":"2020-11-26T17:39:53","modified_gmt":"2020-11-26T20:39:53","slug":"bancaria-do-bradesco-e-reintegrada-sindicato-dos-bancarios-da-baixada-fluminense","status":"publish","type":"post","link":"https:\/\/hostnetart.com.br\/baixada\/bancaria-do-bradesco-e-reintegrada-sindicato-dos-bancarios-da-baixada-fluminense\/","title":{"rendered":"Banc\u00e1ria do Bradesco \u00e9 reintegrada pelo Sindicato dos Banc\u00e1rios da Baixada Fluminense"},"content":{"rendered":"<p>O Sindicato dos Banc\u00e1rios da Baixada Fluminense, atrav\u00e9s de seus departamentos jur\u00eddico e de sa\u00fade, reintegrou mais uma banc\u00e1ria do Banco Bradesco.\u00a0<\/p>\n<p>A reintegra\u00e7\u00e3o ocorreu nesta quinta-feira, dia 26 de novembro.<\/p>\n<p>A demiss\u00e3o contraria\u00a0um compromisso firmado com a categoria banc\u00e1ria de n\u00e3o demitir durante a pandemia.<\/p>\n<p><strong>Entenda o caso:<\/strong><\/p>\n<p>Ana Maria de Oliveira Maia Pinheiro, da Ag\u00eancia 2814 do Banco Bradesco, em Campos El\u00edseos, Duque de Caxias, foi demitida em plena pandemia do coronav\u00edrus e sem motivo aparente.\u00a0<\/p>\n<p>Ap\u00f3s ser demitida, a banc\u00e1ria procurou atendimento no Sindicato, sendo direcionada aos departamentos jur\u00eddico e de sa\u00fade.<\/p>\n<p>A resposta e a justi\u00e7a vieram em pouco tempo e fruto de um trabalho bem feito: banc\u00e1ria reintegrada, conforme determina\u00e7\u00e3o da Ju\u00edza da 6a Vara do Trabalho de Duque de Caxias.<\/p>\n<p><strong>IMPORTANTE<\/strong><\/p>\n<p>Em caso de demiss\u00e3o, a orienta\u00e7\u00e3o \u00e9 para que o banc\u00e1rio ou banc\u00e1ria entre em contato imediatamente com o Sindicato.<\/p>\n<p>SINDICALIZE-SE<\/p>\n","protected":false},"excerpt":{"rendered":"<p>O Sindicato dos Banc\u00e1rios da Baixada Fluminense, atrav\u00e9s de seus departamentos jur\u00eddico e de sa\u00fade, reintegrou mais uma banc\u00e1ria do Banco Bradesco.\u00a0 A reintegra\u00e7\u00e3o ocorreu nesta quinta-feira, dia 26 de novembro. A demiss\u00e3o contraria\u00a0um compromisso firmado com a categoria banc\u00e1ria de n\u00e3o demitir durante a pandemia. Entenda o caso: Ana Maria de Oliveira Maia Pinheiro, [&hellip;]<\/p>\n","protected":false},"author":2,"featured_media":10034,"comment_status":"","ping_status":"","sticky":false,"template":"","format":"standard","meta":{"footnotes":""},"categories":[3],"tags":[],"class_list":["post-10035","post","type-post","status-publish","format-standard","has-post-thumbnail","hentry","category-noticias"],"_links":{"self":[{"href":"https:\/\/hostnetart.com.br\/baixada\/wp-json\/wp\/v2\/posts\/10035","targetHints":{"allow":["GET"]}}],"collection":[{"href":"https:\/\/hostnetart.com.br\/baixada\/wp-json\/wp\/v2\/posts"}],"about":[{"href":"https:\/\/hostnetart.com.br\/baixada\/wp-json\/wp\/v2\/types\/post"}],"author":[{"embeddable":true,"href":"https:\/\/hostnetart.com.br\/baixada\/wp-json\/wp\/v2\/users\/2"}],"replies":[{"embeddable":true,"href":"https:\/\/hostnetart.com.br\/baixada\/wp-json\/wp\/v2\/comments?post=10035"}],"version-history":[{"count":0,"href":"https:\/\/hostnetart.com.br\/baixada\/wp-json\/wp\/v2\/posts\/10035\/revisions"}],"wp:featuredmedia":[{"embeddable":true,"href":"https:\/\/hostnetart.com.br\/baixada\/wp-json\/wp\/v2\/media\/10034"}],"wp:attachment":[{"href":"https:\/\/hostnetart.com.br\/baixada\/wp-json\/wp\/v2\/media?parent=10035"}],"wp:term":[{"taxonomy":"category","embeddable":true,"href":"https:\/\/hostnetart.com.br\/baixada\/wp-json\/wp\/v2\/categories?post=10035"},{"taxonomy":"post_tag","embeddable":true,"href":"https:\/\/hostnetart.com.br\/baixada\/wp-json\/wp\/v2\/tags?post=10035"}],"curies":[{"name":"wp","href":"https:\/\/api.w.org\/{rel}","templated":true}]}}