{"id":10031,"date":"2020-11-26T03:13:20","date_gmt":"2020-11-26T06:13:20","guid":{"rendered":"https:\/\/hostnetart.com.br\/baixada\/negociacao-sobre-bancos-incorporados-pelo-bb-sera-no-dia-1\/"},"modified":"2020-11-26T03:13:20","modified_gmt":"2020-11-26T06:13:20","slug":"negociacao-sobre-bancos-incorporados-pelo-bb-sera-no-dia-1","status":"publish","type":"post","link":"https:\/\/hostnetart.com.br\/baixada\/negociacao-sobre-bancos-incorporados-pelo-bb-sera-no-dia-1\/","title":{"rendered":"Negocia\u00e7\u00e3o sobre bancos incorporados pelo BB ser\u00e1 no dia 1\u00ba"},"content":{"rendered":"<p>O Banco do Brasil atendeu ao pedido que a Confedera\u00e7\u00e3o Nacional dos Trabalhadores do Ramo Financeiro (Contraf-CUT) fez em\u00a0<a href=\"https:\/\/contrafcut.com.br\/wp-content\/uploads\/2020\/11\/of-21320-bb-mesa-de-negociacao-de-entidades-patrocinadas-de-bancos-incorporados.pdf\" target=\"_blank\" rel=\"noopener noreferrer\">of\u00edcio encaminhado ao banco<\/a>\u00a0no dia 23 de novembro de 2020, para que \u201cseja instaurada de imediato a mesa de negocia\u00e7\u00e3o\u201d de entidades patrocinadas de bancos incorporados, conforme previsto no\u00a0<a href=\"https:\/\/contrafcut.com.br\/wp-content\/uploads\/2020\/11\/image003-1.png\" target=\"_blank\" rel=\"noopener noreferrer\">par\u00e1grafo \u00fanico da cl\u00e1usula 58\u00aa do Acordo Coletivo de Trabalho (ACT)<\/a>\u00a0dos funcion\u00e1rios. A reuni\u00e3o de negocia\u00e7\u00f5es sobre bancos incorporados ser\u00e1 realizada no pr\u00f3ximo dia 1\u00ba\/12 (ter\u00e7a-feira).<\/p>\n<p>\u201cDurante as negocia\u00e7\u00f5es da Campanha Nacional, havia sido estipulado que a mesa espec\u00edfica para a discuss\u00e3o sobre assuntos que envolvem os funcion\u00e1rios dos bancos incorporados pelo BB teria in\u00edcio entre o final de outubro e in\u00edcio de novembro, mas j\u00e1 estamos chegando ao final de novembro e a mesa ainda n\u00e3o foi instaurada\u201d, observou a secret\u00e1ria de Juventude e representante da Contraf-CUT nas negocia\u00e7\u00f5es com o banco do Brasil, Fernanda Lopes.<\/p>\n<h3>Mudan\u00e7as no Economus<\/h3>\n<p>Fernanda ressaltou, ainda, que, por meio de seus conselheiros indicados e em descumprimento ao acordado, o\u00a0<a href=\"https:\/\/spbancarios.com.br\/11\/2020\/bb-desrespeita-mais-uma-vez-associados-do-economus\" target=\"_blank\" rel=\"noopener noreferrer\">Banco do Brasil busca implementar um novo plano de sa\u00fade no Economus<\/a>\u00a0e mudan\u00e7as no Fundo Economus de Assist\u00eancia Social (FEAS).<\/p>\n<p>O of\u00edcio da Contraf-CUT solicita, tamb\u00e9m, que sejam suspensos quaisquer atos e medidas relativas ao Economus.<\/p>\n<p><strong>Fonte: Contraf-CUT<\/strong><\/p>\n","protected":false},"excerpt":{"rendered":"<p>O Banco do Brasil atendeu ao pedido que a Confedera\u00e7\u00e3o Nacional dos Trabalhadores do Ramo Financeiro (Contraf-CUT) fez em\u00a0of\u00edcio encaminhado ao banco\u00a0no dia 23 de novembro de 2020, para que \u201cseja instaurada de imediato a mesa de negocia\u00e7\u00e3o\u201d de entidades patrocinadas de bancos incorporados, conforme previsto no\u00a0par\u00e1grafo \u00fanico da cl\u00e1usula 58\u00aa do Acordo Coletivo de [&hellip;]<\/p>\n","protected":false},"author":2,"featured_media":10030,"comment_status":"","ping_status":"","sticky":false,"template":"","format":"standard","meta":{"footnotes":""},"categories":[3],"tags":[],"class_list":["post-10031","post","type-post","status-publish","format-standard","has-post-thumbnail","hentry","category-noticias"],"_links":{"self":[{"href":"https:\/\/hostnetart.com.br\/baixada\/wp-json\/wp\/v2\/posts\/10031","targetHints":{"allow":["GET"]}}],"collection":[{"href":"https:\/\/hostnetart.com.br\/baixada\/wp-json\/wp\/v2\/posts"}],"about":[{"href":"https:\/\/hostnetart.com.br\/baixada\/wp-json\/wp\/v2\/types\/post"}],"author":[{"embeddable":true,"href":"https:\/\/hostnetart.com.br\/baixada\/wp-json\/wp\/v2\/users\/2"}],"replies":[{"embeddable":true,"href":"https:\/\/hostnetart.com.br\/baixada\/wp-json\/wp\/v2\/comments?post=10031"}],"version-history":[{"count":0,"href":"https:\/\/hostnetart.com.br\/baixada\/wp-json\/wp\/v2\/posts\/10031\/revisions"}],"wp:featuredmedia":[{"embeddable":true,"href":"https:\/\/hostnetart.com.br\/baixada\/wp-json\/wp\/v2\/media\/10030"}],"wp:attachment":[{"href":"https:\/\/hostnetart.com.br\/baixada\/wp-json\/wp\/v2\/media?parent=10031"}],"wp:term":[{"taxonomy":"category","embeddable":true,"href":"https:\/\/hostnetart.com.br\/baixada\/wp-json\/wp\/v2\/categories?post=10031"},{"taxonomy":"post_tag","embeddable":true,"href":"https:\/\/hostnetart.com.br\/baixada\/wp-json\/wp\/v2\/tags?post=10031"}],"curies":[{"name":"wp","href":"https:\/\/api.w.org\/{rel}","templated":true}]}}