{"id":10029,"date":"2020-11-25T16:14:34","date_gmt":"2020-11-25T19:14:34","guid":{"rendered":"https:\/\/hostnetart.com.br\/baixada\/25-de-novembro-dia-internacional-de-combate-a-violencia-contra-a-mulher\/"},"modified":"2020-11-25T16:14:34","modified_gmt":"2020-11-25T19:14:34","slug":"25-de-novembro-dia-internacional-de-combate-a-violencia-contra-a-mulher","status":"publish","type":"post","link":"https:\/\/hostnetart.com.br\/baixada\/25-de-novembro-dia-internacional-de-combate-a-violencia-contra-a-mulher\/","title":{"rendered":"25 de novembro \u2013 Dia Internacional de Combate \u00e0 viol\u00eancia contra a mulher"},"content":{"rendered":"<p>Esta data foi estabelecida no Primeiro Encontro Feminista Latino-Americano e do Caribe realizado em Bogot\u00e1, Col\u00f4mbia, em 1981, em homenagem \u00e0s irm\u00e3s Mirabal. Las Mariposas, como eram conhecidas, as irm\u00e3s Mirabal \u2013 Patria, Minerva e Maria Teresa \u2013 foram brutalmente assassinadas pelo ditador Trujillo em 25 de novembro de 1960 na Rep\u00fablica Dominicana. Neste dia, as tr\u00eas irm\u00e3s regressavam de Puerto Plata, onde seus maridos se encontravam presos. Elas foram detidas na estrada e foram assassinadas por agentes do governo militar. A ditadura tir\u00e2nica simulou um acidente.<\/p>\n<p><b>25 de novembro como o \u201cDia da N\u00e3o Viol\u00eancia Contra a Mulher<\/b>\u201d, foi decidido por organiza\u00e7\u00f5es de mulheres de todo o mundo reunidas em Bogot\u00e1, na Col\u00f4mbia, em 1981 em homenagem \u00e0s irm\u00e3s, que responderam com sua dignidade \u00e0 viol\u00eancia, n\u00e3o somente contra a mulher, mas contra todo um povo. A partir da\u00ed, esta data passou a ser conhecida como o \u201cDia Latino Americano da N\u00e3o Viol\u00eancia Contra a Mulher\u201d.<\/p>\n<p>Em 1999, a Assembleia Geral da Organiza\u00e7\u00e3o das Na\u00e7\u00f5es Unidas (ONU), proclama esta data como o \u201dDia Internacional para a Elimina\u00e7\u00e3o da Viol\u00eancia Contra a Mulher\u201d a fim de estimular que governos e sociedade civil organizada nacionais e internacionais realizem eventos anuais como necessidade de extinguir com a viol\u00eancia que destr\u00f3i a vida de mulheres considerado um dos grandes desafios na \u00e1rea dos direitos humanos.<\/p>\n<p>A CAMPANHA MUNDIAL DE COMBATE A VIOL\u00caNCIA CONTRA AS MULHERES se estende at\u00e9 o dia\u00a0 10 de dezembro, \u201cDia Internacional dos Direitos Humanos\u201d.<\/p>\n<p><span style=\"text-decoration: underline;\"><strong>Fonte: Fetraf RJ\/ES<\/strong><\/span><\/p>\n","protected":false},"excerpt":{"rendered":"<p>Esta data foi estabelecida no Primeiro Encontro Feminista Latino-Americano e do Caribe realizado em Bogot\u00e1, Col\u00f4mbia, em 1981, em homenagem \u00e0s irm\u00e3s Mirabal. Las Mariposas, como eram conhecidas, as irm\u00e3s Mirabal \u2013 Patria, Minerva e Maria Teresa \u2013 foram brutalmente assassinadas pelo ditador Trujillo em 25 de novembro de 1960 na Rep\u00fablica Dominicana. Neste dia, [&hellip;]<\/p>\n","protected":false},"author":2,"featured_media":10028,"comment_status":"","ping_status":"","sticky":false,"template":"","format":"standard","meta":{"footnotes":""},"categories":[3],"tags":[],"class_list":["post-10029","post","type-post","status-publish","format-standard","has-post-thumbnail","hentry","category-noticias"],"_links":{"self":[{"href":"https:\/\/hostnetart.com.br\/baixada\/wp-json\/wp\/v2\/posts\/10029","targetHints":{"allow":["GET"]}}],"collection":[{"href":"https:\/\/hostnetart.com.br\/baixada\/wp-json\/wp\/v2\/posts"}],"about":[{"href":"https:\/\/hostnetart.com.br\/baixada\/wp-json\/wp\/v2\/types\/post"}],"author":[{"embeddable":true,"href":"https:\/\/hostnetart.com.br\/baixada\/wp-json\/wp\/v2\/users\/2"}],"replies":[{"embeddable":true,"href":"https:\/\/hostnetart.com.br\/baixada\/wp-json\/wp\/v2\/comments?post=10029"}],"version-history":[{"count":0,"href":"https:\/\/hostnetart.com.br\/baixada\/wp-json\/wp\/v2\/posts\/10029\/revisions"}],"wp:featuredmedia":[{"embeddable":true,"href":"https:\/\/hostnetart.com.br\/baixada\/wp-json\/wp\/v2\/media\/10028"}],"wp:attachment":[{"href":"https:\/\/hostnetart.com.br\/baixada\/wp-json\/wp\/v2\/media?parent=10029"}],"wp:term":[{"taxonomy":"category","embeddable":true,"href":"https:\/\/hostnetart.com.br\/baixada\/wp-json\/wp\/v2\/categories?post=10029"},{"taxonomy":"post_tag","embeddable":true,"href":"https:\/\/hostnetart.com.br\/baixada\/wp-json\/wp\/v2\/tags?post=10029"}],"curies":[{"name":"wp","href":"https:\/\/api.w.org\/{rel}","templated":true}]}}