{"id":10027,"date":"2020-11-25T16:12:13","date_gmt":"2020-11-25T19:12:13","guid":{"rendered":"https:\/\/hostnetart.com.br\/baixada\/participe-do-tuitaco-de-combate-a-violencia-contra-a-mulher\/"},"modified":"2020-11-25T16:12:13","modified_gmt":"2020-11-25T19:12:13","slug":"participe-do-tuitaco-de-combate-a-violencia-contra-a-mulher","status":"publish","type":"post","link":"https:\/\/hostnetart.com.br\/baixada\/participe-do-tuitaco-de-combate-a-violencia-contra-a-mulher\/","title":{"rendered":"Participe do tuita\u00e7o de combate \u00e0 viol\u00eancia contra a mulher"},"content":{"rendered":"<p>Participe nesta quarta-feira (25) do tuita\u00e7o do Dia Internacional de Combate \u00e0 Viol\u00eancia Contra a Mulher. Ao tuitar a hashtag #RespeitaAsMinas, voc\u00ea estar\u00e1 participando de um movimento mundial em apoio \u00e0s v\u00edtimas da viol\u00eancia, seja dom\u00e9stica ou praticada nos mais diferentes locais. O tuita\u00e7o ser\u00e1 ao meio-dia. Divulgue para amigas, amigos, familiares e quem mais possa se juntar a essa luta.<\/p>\n<p>\u201cCombater a viol\u00eancia contra a mulher \u00e9 uma luta de toda a sociedade. \u00c9 uma luta para garantir o respeito \u00e0 pessoa humana. Por isso, participar do tuita\u00e7o tem um significado muito amplo\u201d, afirma a secret\u00e1ria da Mulher da Confedera\u00e7\u00e3o Nacional dos Trabalhadores do Ramo Financeiro (Contraf-CUT), Elaine Cutis. A Contraf-CUT \u00e9 uma das entidades brasileiras que participa da organiza\u00e7\u00e3o do Dia Internacional de Combate \u00e0 Viol\u00eancia Contra a Mulher.<\/p>\n<p>Elaine Cutis lembra que as manifesta\u00e7\u00f5es do dia 25 fazem parte de uma campanha que no Brasil come\u00e7ou dia 20, com o Dia de Combate ao Racismo, j\u00e1 que a mulher negra e uma das maiores v\u00edtimas da viol\u00eancia, e vai at\u00e9 10 de dezembro, Dia Internacional dos Direitos Humanos. Elaine convoca a todos para a participa\u00e7\u00e3o de tuita\u00e7os nesse per\u00edodo. Al\u00e9m do protesto do dia 25 de novembro, est\u00e3o convocados tuita\u00e7os para o dia 3 de dezembro, Dia da Pessoa Com Defici\u00eancia; 6 de dezembro, o dia da Campanha do La\u00e7o Branco \u2013 Homens Pelo Fim da Viol\u00eancia Contra a Mulher, e encerrando em 10 de dezembro.<\/p>\n<p>Viol\u00eancia contra as mulheres e contra os negros \u00e9 o que n\u00e3o falta no Brasil. Leila Arruda, ex-candidata nas recentes elei\u00e7\u00f5es a prefeita pelo PT em Curralinho, ilha de Maraj\u00f3, no Par\u00e1, foi assassinada pelo ex-marido nesta quinta-feira (19). Mais uma v\u00edtima de feminic\u00eddio, Leila Arruda tinha 49 anos e foi fundadora do Movimento de Mulheres Empreendedoras da Amaz\u00f4nia (Moema). No mesmo dia, na v\u00e9spera do dia da Consci\u00eancia Negra, Jo\u00e3o Alberto Silveira Freitas, um homem negro foi morto ao ser espancado por seguran\u00e7as do supermercado Carrefour, em Porto Alegre. N\u00e3o faltam motivos para protestar contra preconceitos criminosos que ainda existem no Brasil. Apesar da posi\u00e7\u00e3o negacionista do governo para estes fatos, haja vista as recentes declara\u00e7\u00f5es do presidente e seu vice.<\/p>\n<p><strong>O que \u00e9 o 25 de novembro<\/strong><\/p>\n<p>Em 25 de novembro de 1960, tr\u00eas irm\u00e3s, P\u00e1tria, Minerva e Maria Teresa Mirabal, foram assassinadas na Rep\u00fablica Dominicana, por for\u00e7as militares do ent\u00e3o ditador Rafael Le\u00f3nidas Trujillo. A data foi assumida pelo movimento de mulheres de todo o mundo. \u201cDos anos 1960 para c\u00e1, tivemos importantes conquistas, mas as mulheres ainda hoje s\u00e3o as grandes v\u00edtimas de uma cultura patriarcal e machista que permanece fortemente enraizadas na sociedade. Os altos \u00edndices de viol\u00eancia contra a mulher registrados \u00e9 a prova cabal disso. A quest\u00e3o da viol\u00eancia ainda permanece um grave problema a ser enfrentado\u201d, disse Elaine Cutis.<\/p>\n<p><strong>Fonte: Contraf-CUT<\/strong><\/p>\n","protected":false},"excerpt":{"rendered":"<p>Participe nesta quarta-feira (25) do tuita\u00e7o do Dia Internacional de Combate \u00e0 Viol\u00eancia Contra a Mulher. Ao tuitar a hashtag #RespeitaAsMinas, voc\u00ea estar\u00e1 participando de um movimento mundial em apoio \u00e0s v\u00edtimas da viol\u00eancia, seja dom\u00e9stica ou praticada nos mais diferentes locais. O tuita\u00e7o ser\u00e1 ao meio-dia. Divulgue para amigas, amigos, familiares e quem mais [&hellip;]<\/p>\n","protected":false},"author":2,"featured_media":10026,"comment_status":"","ping_status":"","sticky":false,"template":"","format":"standard","meta":{"footnotes":""},"categories":[3],"tags":[],"class_list":["post-10027","post","type-post","status-publish","format-standard","has-post-thumbnail","hentry","category-noticias"],"_links":{"self":[{"href":"https:\/\/hostnetart.com.br\/baixada\/wp-json\/wp\/v2\/posts\/10027","targetHints":{"allow":["GET"]}}],"collection":[{"href":"https:\/\/hostnetart.com.br\/baixada\/wp-json\/wp\/v2\/posts"}],"about":[{"href":"https:\/\/hostnetart.com.br\/baixada\/wp-json\/wp\/v2\/types\/post"}],"author":[{"embeddable":true,"href":"https:\/\/hostnetart.com.br\/baixada\/wp-json\/wp\/v2\/users\/2"}],"replies":[{"embeddable":true,"href":"https:\/\/hostnetart.com.br\/baixada\/wp-json\/wp\/v2\/comments?post=10027"}],"version-history":[{"count":0,"href":"https:\/\/hostnetart.com.br\/baixada\/wp-json\/wp\/v2\/posts\/10027\/revisions"}],"wp:featuredmedia":[{"embeddable":true,"href":"https:\/\/hostnetart.com.br\/baixada\/wp-json\/wp\/v2\/media\/10026"}],"wp:attachment":[{"href":"https:\/\/hostnetart.com.br\/baixada\/wp-json\/wp\/v2\/media?parent=10027"}],"wp:term":[{"taxonomy":"category","embeddable":true,"href":"https:\/\/hostnetart.com.br\/baixada\/wp-json\/wp\/v2\/categories?post=10027"},{"taxonomy":"post_tag","embeddable":true,"href":"https:\/\/hostnetart.com.br\/baixada\/wp-json\/wp\/v2\/tags?post=10027"}],"curies":[{"name":"wp","href":"https:\/\/api.w.org\/{rel}","templated":true}]}}