{"id":10021,"date":"2020-11-24T03:07:08","date_gmt":"2020-11-24T06:07:08","guid":{"rendered":"https:\/\/hostnetart.com.br\/baixada\/teletrabalho-funcionarios-querem-melhorias-na-proposta-do-banco-do-brasil\/"},"modified":"2020-11-24T03:07:08","modified_gmt":"2020-11-24T06:07:08","slug":"teletrabalho-funcionarios-querem-melhorias-na-proposta-do-banco-do-brasil","status":"publish","type":"post","link":"https:\/\/hostnetart.com.br\/baixada\/teletrabalho-funcionarios-querem-melhorias-na-proposta-do-banco-do-brasil\/","title":{"rendered":"Teletrabalho: Funcion\u00e1rios querem melhorias na proposta do Banco do Brasil"},"content":{"rendered":"<p>A Comiss\u00e3o de Empresa dos Funcion\u00e1rios do Banco do Brasil (CEBB) se reuniu na quinta para debater sobre a proposta de acordo sobre o teletrabalho apresentada pelo Banco do Brasil.<\/p>\n<p>\u201cDesde a \u00faltima reuni\u00e3o\u00a0<a href=\"https:\/\/contrafcut.com.br\/noticias\/funcionarios-exigem-melhorias-na-proposta-do-acordo-de-teletrabalho-do-bb\/\" target=\"_blank\" rel=\"noopener noreferrer\">j\u00e1 t\u00ednhamos deixado claro para o banco<\/a>\u00a0que era preciso avan\u00e7ar na proposta, principalmente com rela\u00e7\u00e3o ao in\u00edcio do pagamento da ajuda de custo para quem est\u00e1 em home office. N\u00e3o temos como aceitar que seja somente a partir de julho de 2021. Queremos que o banco reavalie e comece a pagar a partir de janeiro\u201d, afirmou a secret\u00e1ria de juventude e representante da Contraf-CUT na mesa de negocia\u00e7\u00f5es com o BB, Fernanda Lopes.<\/p>\n<p>Outra proposta do banco recusada pela representa\u00e7\u00e3o dos funcion\u00e1rios \u00e9 sobre o pagamento da ajuda de custo apenas para quem cumprir mais de 50% do tempo em teletrabalho.<\/p>\n<p>\u201cTodos que est\u00e3o em teletrabalho devem receber a ajuda de custo. Se o funcion\u00e1rio que passar mais do que 50% do tempo exercendo sua fun\u00e7\u00e3o nas depend\u00eancias do banco ser\u00e1 por alguma necessidade funcional e ele n\u00e3o deve ser penalizado por isso\u201d, argumentou Fernanda.<\/p>\n<h3><strong>Outras propostas<\/strong><\/h3>\n<p>Na pr\u00f3xima reuni\u00e3o, os trabalhadores v\u00e3o defender a expans\u00e3o da possibilidade de teletrabalho tamb\u00e9m para os funcion\u00e1rios de outras \u00e1reas al\u00e9m da \u00e1rea de Tecnologia da Informa\u00e7\u00e3o, como, por exemplo, os escrit\u00f3rios digitais.<\/p>\n<p>Al\u00e9m disso, o movimento sindical reivindica a possibilidade de acesso e contato com os trabalhadores que desempenharem suas fun\u00e7\u00f5es na modalidade de teletrabalho.<\/p>\n<p>\u201c\u00c9 fundamental esse contato para a organiza\u00e7\u00e3o dos funcion\u00e1rios na luta por seus direitos e por melhorias nas condi\u00e7\u00f5es de trabalho e remunera\u00e7\u00f5es\u201d, concluiu a dirigente da Contraf-CUT.<\/p>\n<p><strong>Fonte: Contraf-CUT<\/strong><\/p>\n","protected":false},"excerpt":{"rendered":"<p>A Comiss\u00e3o de Empresa dos Funcion\u00e1rios do Banco do Brasil (CEBB) se reuniu na quinta para debater sobre a proposta de acordo sobre o teletrabalho apresentada pelo Banco do Brasil. \u201cDesde a \u00faltima reuni\u00e3o\u00a0j\u00e1 t\u00ednhamos deixado claro para o banco\u00a0que era preciso avan\u00e7ar na proposta, principalmente com rela\u00e7\u00e3o ao in\u00edcio do pagamento da ajuda de [&hellip;]<\/p>\n","protected":false},"author":2,"featured_media":10020,"comment_status":"","ping_status":"","sticky":false,"template":"","format":"standard","meta":{"footnotes":""},"categories":[3],"tags":[],"class_list":["post-10021","post","type-post","status-publish","format-standard","has-post-thumbnail","hentry","category-noticias"],"_links":{"self":[{"href":"https:\/\/hostnetart.com.br\/baixada\/wp-json\/wp\/v2\/posts\/10021","targetHints":{"allow":["GET"]}}],"collection":[{"href":"https:\/\/hostnetart.com.br\/baixada\/wp-json\/wp\/v2\/posts"}],"about":[{"href":"https:\/\/hostnetart.com.br\/baixada\/wp-json\/wp\/v2\/types\/post"}],"author":[{"embeddable":true,"href":"https:\/\/hostnetart.com.br\/baixada\/wp-json\/wp\/v2\/users\/2"}],"replies":[{"embeddable":true,"href":"https:\/\/hostnetart.com.br\/baixada\/wp-json\/wp\/v2\/comments?post=10021"}],"version-history":[{"count":0,"href":"https:\/\/hostnetart.com.br\/baixada\/wp-json\/wp\/v2\/posts\/10021\/revisions"}],"wp:featuredmedia":[{"embeddable":true,"href":"https:\/\/hostnetart.com.br\/baixada\/wp-json\/wp\/v2\/media\/10020"}],"wp:attachment":[{"href":"https:\/\/hostnetart.com.br\/baixada\/wp-json\/wp\/v2\/media?parent=10021"}],"wp:term":[{"taxonomy":"category","embeddable":true,"href":"https:\/\/hostnetart.com.br\/baixada\/wp-json\/wp\/v2\/categories?post=10021"},{"taxonomy":"post_tag","embeddable":true,"href":"https:\/\/hostnetart.com.br\/baixada\/wp-json\/wp\/v2\/tags?post=10021"}],"curies":[{"name":"wp","href":"https:\/\/api.w.org\/{rel}","templated":true}]}}