{"id":10019,"date":"2020-11-24T03:05:55","date_gmt":"2020-11-24T06:05:55","guid":{"rendered":"https:\/\/hostnetart.com.br\/baixada\/pesquisa-visa-produzir-dossie-sobre-covid-19-no-mercado-de-trabalho\/"},"modified":"2020-11-24T03:05:55","modified_gmt":"2020-11-24T06:05:55","slug":"pesquisa-visa-produzir-dossie-sobre-covid-19-no-mercado-de-trabalho","status":"publish","type":"post","link":"https:\/\/hostnetart.com.br\/baixada\/pesquisa-visa-produzir-dossie-sobre-covid-19-no-mercado-de-trabalho\/","title":{"rendered":"Pesquisa visa produzir dossi\u00ea sobre Covid-19 no mercado de trabalho"},"content":{"rendered":"<p>A Confedera\u00e7\u00e3o Nacional dos Trabalhadores do Ramo Financeiro (Contraf-CUT) vai participar do acordo de coopera\u00e7\u00e3o t\u00e9cnica com a Associa\u00e7\u00e3o de Sa\u00fade Ambiental e Sustentabilidade (Asas), que busca identificar e compreender os impactos da pandemia de Covid-19 para sa\u00fade dos trabalhadores e sua rela\u00e7\u00e3o com o trabalho.<\/p>\n<p>\u201cO objetivo \u00e9 dar visibilidade \u00e0s atividades de trabalho como fontes de infec\u00e7\u00e3o e adoecimento pelo novo coronav\u00edrus (SARS-CoV-2) e oferecer informa\u00e7\u00f5es para possibilitar o planejamento de a\u00e7\u00f5es que possam auxiliar na preven\u00e7\u00e3o da doen\u00e7a e mitigar suas consequ\u00eancias cl\u00ednicas e sociais\u201d, explicou o secret\u00e1rio de Sa\u00fade da Contraf-CUT, Mauro Salles.<\/p>\n<p>O projeto \u201cCovid-19 como uma doen\u00e7a relacionada ao trabalho\u201d vai sintetizar informa\u00e7\u00f5es obtidas com pessoas que trabalharam e trabalham durante a pandemia fora de domic\u00edlio ou dentro de suas casas em companhia de colegas. A base das informa\u00e7\u00f5es ser\u00e3o as respostas a um question\u00e1rio respondido por esse p\u00fablico, ou por pessoas que coabitam com o p\u00fablico-alvo. Ao final, ser\u00e1 produzido um dossi\u00ea sobre a doen\u00e7a nas diversas atividades de trabalho, por meio de informa\u00e7\u00f5es e percep\u00e7\u00f5es dos trabalhadores e das trabalhadoras. Tamb\u00e9m ser\u00e3o feitas entrevistas com algumas das pessoas que responderem ao question\u00e1rio.<\/p>\n<p>O\u00a0<a href=\"https:\/\/docs.google.com\/forms\/d\/e\/1FAIpQLSePht6Lq7XS7feDc_FXz7DkdYPaj3yWmpVgqi5E3P1B0rYJzQ\/viewform\" target=\"_blank\" rel=\"noopener noreferrer\">formul\u00e1rio da pesquisa<\/a>\u00a0pode ser respondido pelo celular ou pelo computador.<\/p>\n<p>\u201cOrientamos os sindicatos a divulgarem o projeto solicitando aos banc\u00e1rios para responderem o question\u00e1rio. Nosso objetivo \u00e9 obter e disponibilizar informa\u00e7\u00f5es sobre as condi\u00e7\u00f5es de trabalho das pessoas acometidas por Covid-19 que trabalharam e trabalham presencialmente durante a pandemia, pois at\u00e9 agosto o sistema de informa\u00e7\u00e3o do SUS (Sistema \u00danico de Sa\u00fade) n\u00e3o as captou\u201d, afirmou o dirigente da Contraf-CUT. \u201cExistem informa\u00e7\u00f5es dispon\u00edveis apenas referente a trabalhadores das \u00e1reas da sa\u00fade e da seguran\u00e7a. Assim, n\u00e3o sabemos quantos banc\u00e1rios, metal\u00fargicos, radialistas, empregados dom\u00e9sticos adoeceram por Covid-19 e nem como eles trabalharam\u201d, completou.<\/p>\n<h3>Doen\u00e7a do trabalho<\/h3>\n<p>Segundo entendimento do Supremo Tribunal Federal (STF), a Covid-19 pode ser enquadrada como doen\u00e7a do trabalho. \u201cSempre que uma pessoa sai para trabalhar ou trabalha em casa com colegas que trabalham fora existe um risco de exposi\u00e7\u00e3o ao v\u00edrus, assim, a n\u00e3o ser que seja poss\u00edvel detectar que uma pessoa n\u00e3o foi infectada no trajeto de casa para o trabalho ou do trabalho para casa, ou mesmo no pr\u00f3prio trabalho, a Covid-19 deve ser considerada relacionada ao trabalho para efeito de direitos sociais\u201d, explicou Mauro Salles.<\/p>\n<p>\u201cA participa\u00e7\u00e3o dos banc\u00e1rios vai nos proporcionar subs\u00eddios para que planejemos nossas a\u00e7\u00f5es de forma mais efetiva, no intuito de prevenir e minimizar as consequ\u00eancias das infec\u00e7\u00f5es pelo novo coronav\u00edrus na categoria\u201d, concluiu.<\/p>\n<p><strong>Fonte: Contraf-CUT<\/strong><\/p>\n","protected":false},"excerpt":{"rendered":"<p>A Confedera\u00e7\u00e3o Nacional dos Trabalhadores do Ramo Financeiro (Contraf-CUT) vai participar do acordo de coopera\u00e7\u00e3o t\u00e9cnica com a Associa\u00e7\u00e3o de Sa\u00fade Ambiental e Sustentabilidade (Asas), que busca identificar e compreender os impactos da pandemia de Covid-19 para sa\u00fade dos trabalhadores e sua rela\u00e7\u00e3o com o trabalho. \u201cO objetivo \u00e9 dar visibilidade \u00e0s atividades de trabalho [&hellip;]<\/p>\n","protected":false},"author":2,"featured_media":10018,"comment_status":"","ping_status":"","sticky":false,"template":"","format":"standard","meta":{"footnotes":""},"categories":[3],"tags":[],"class_list":["post-10019","post","type-post","status-publish","format-standard","has-post-thumbnail","hentry","category-noticias"],"_links":{"self":[{"href":"https:\/\/hostnetart.com.br\/baixada\/wp-json\/wp\/v2\/posts\/10019","targetHints":{"allow":["GET"]}}],"collection":[{"href":"https:\/\/hostnetart.com.br\/baixada\/wp-json\/wp\/v2\/posts"}],"about":[{"href":"https:\/\/hostnetart.com.br\/baixada\/wp-json\/wp\/v2\/types\/post"}],"author":[{"embeddable":true,"href":"https:\/\/hostnetart.com.br\/baixada\/wp-json\/wp\/v2\/users\/2"}],"replies":[{"embeddable":true,"href":"https:\/\/hostnetart.com.br\/baixada\/wp-json\/wp\/v2\/comments?post=10019"}],"version-history":[{"count":0,"href":"https:\/\/hostnetart.com.br\/baixada\/wp-json\/wp\/v2\/posts\/10019\/revisions"}],"wp:featuredmedia":[{"embeddable":true,"href":"https:\/\/hostnetart.com.br\/baixada\/wp-json\/wp\/v2\/media\/10018"}],"wp:attachment":[{"href":"https:\/\/hostnetart.com.br\/baixada\/wp-json\/wp\/v2\/media?parent=10019"}],"wp:term":[{"taxonomy":"category","embeddable":true,"href":"https:\/\/hostnetart.com.br\/baixada\/wp-json\/wp\/v2\/categories?post=10019"},{"taxonomy":"post_tag","embeddable":true,"href":"https:\/\/hostnetart.com.br\/baixada\/wp-json\/wp\/v2\/tags?post=10019"}],"curies":[{"name":"wp","href":"https:\/\/api.w.org\/{rel}","templated":true}]}}