{"id":10017,"date":"2020-11-24T03:04:52","date_gmt":"2020-11-24T06:04:52","guid":{"rendered":"https:\/\/hostnetart.com.br\/baixada\/itau-nao-da-resposta-satisfatoria-a-coe-sobre-modificacoes-no-agir\/"},"modified":"2020-11-24T03:04:52","modified_gmt":"2020-11-24T06:04:52","slug":"itau-nao-da-resposta-satisfatoria-a-coe-sobre-modificacoes-no-agir","status":"publish","type":"post","link":"https:\/\/hostnetart.com.br\/baixada\/itau-nao-da-resposta-satisfatoria-a-coe-sobre-modificacoes-no-agir\/","title":{"rendered":"Ita\u00fa n\u00e3o d\u00e1 resposta satisfat\u00f3ria \u00e0 COE sobre modifica\u00e7\u00f5es no AGIR"},"content":{"rendered":"<p>A Comiss\u00e3o de Organiza\u00e7\u00e3o dos Empregados (COE) do Ita\u00fa avaliou que o banco n\u00e3o d\u00e1 resposta satisfat\u00f3ria sobre as altera\u00e7\u00f5es do programa A\u00e7\u00e3o Gerencial Ita\u00fa de Resultados (AGIR). A avalia\u00e7\u00e3o ocorre depois de um ciclo de reuni\u00f5es entre os representantes dos banc\u00e1rios e representantes do Ita\u00fa e ap\u00f3s reuni\u00e3o realizada na \u00faltima sexta-feira (20). Para a COE, as explica\u00e7\u00f5es do banco n\u00e3o foram convincentes.<\/p>\n<p>Segundo o coordenador da COE Ita\u00fa, Jair Alves, h\u00e1 uma falta de comunica\u00e7\u00e3o do banco com o movimento sindical. \u201cOs banc\u00e1rios de todo Brasil est\u00e3o preocupados e descontentes com a pol\u00edtica do Ita\u00fa em alterar as regras do AGIR no final de semestre, ou seja, as regras do programa foram alteradas no meio do caminho sem qualquer comunicado da institui\u00e7\u00e3o. Isso compromete a elegibilidade do programa e precisamos de uma defini\u00e7\u00e3o definitiva sobre o que ir\u00e1 acontecer no AGIR\u201d, explicou Jair.<\/p>\n<p>De acordo com os representantes do Ita\u00fa, os comunicados que fazem parte do processo do AGIR, e que tenham ocorrido tardiamente, foram feitos de maneira que n\u00e3o criasse nenhuma novidade na elegibilidade, e tamb\u00e9m para atenuar as medidas na concess\u00e3o de car\u00eancia e inadimpl\u00eancia dos consignados. Contudo, os representantes do banco concordam ter havido erros na comunica\u00e7\u00e3o. Entretanto disseram n\u00e3o ter sido intencional e que o objetivo sempre \u00e9 de melhorar.<\/p>\n<p>\u201cSobre a falta de clareza e objetividade do banco Ita\u00fa, n\u00f3s cobramos que no momento da assinatura do PCR fique mantida a cl\u00e1usula que garanta as regras do AGIR. Pois, n\u00e3o se pode mexer num programa j\u00e1 assinado e com as regras definidas\u201d, explicou Jair. O coordenador da COE acrescentou que al\u00e9m de as mudan\u00e7as no final do semestre terem causado apreens\u00e3o na categoria, vale lembrar que o ass\u00e9dio por cumprimento de metas tem sido constante, o que s\u00f3 aumenta a inseguran\u00e7a no ambiente de trabalho que j\u00e1 se encontra prec\u00e1rio.<\/p>\n<p><strong>Reajuste do aux\u00edlio educa\u00e7\u00e3o est\u00e1 aqu\u00e9m da realidade<\/strong><\/p>\n<p>Outra cobran\u00e7a da COE Ita\u00fa foi sobre a defini\u00e7\u00e3o do aux\u00edlio educa\u00e7\u00e3o. Para os representantes dos trabalhadores, o aux\u00edlio educa\u00e7\u00e3o precisa ter um reajuste satisfat\u00f3rio, uma vez que o reajuste n\u00e3o foi feito com um percentual que condiz com a realidade dos banc\u00e1rios.<\/p>\n<p>De acordo com os representantes da Fetec\/CN, no ano anterior, houve banc\u00e1rios que n\u00e3o conseguiram ser contemplados com o aux\u00edlio educa\u00e7\u00e3o. \u201cSer\u00e1 preciso acelerar as discuss\u00f5es em torno do aux\u00edlio educa\u00e7\u00e3o, pois as institui\u00e7\u00f5es educacionais em dezembro j\u00e1 devem abrir o per\u00edodo de matr\u00edculas. Al\u00e9m disso, o banco deve ser transparente e apresentar \u00e0 COE o n\u00famero total de inscritos dentro do programa e como foi feita a distribui\u00e7\u00e3o dentro do banco\u201d, pontuou Jair.<\/p>\n<p>De acordo com os representantes do banco, devido \u00e0s altera\u00e7\u00f5es estruturais, ser\u00e1 encaminhada uma defini\u00e7\u00e3o da dire\u00e7\u00e3o para voltar com a discuss\u00f5es sobre aux\u00edlio educa\u00e7\u00e3o e o PCR (que ainda n\u00e3o tem uma defini\u00e7\u00e3o de valores), pois s\u00e3o oriundos da mesma fonte de financiamento e ambos ter\u00e3o que ser rediscutidos.<\/p>\n<p><strong>Demiss\u00f5es \u2013 Uma rotina amarga<\/strong><\/p>\n<p>Outro assunto destacado na reuni\u00e3o foi sobre as demiss\u00f5es que est\u00e3o ocorrendo no Ita\u00fa. \u201cNos \u00faltimos dias houve em torno de 15 demiss\u00f5es de Go`s e GGC\u00b4s. S\u00e3o n\u00fameros que preocupam e t\u00eam gerado muita tens\u00e3o nos banc\u00e1rios, que v\u00eam cobrando uma posi\u00e7\u00e3o dos sindicatos, j\u00e1 que os desligamentos est\u00e3o virando uma rotina no Go\u2019s\u201d, ressaltaram representantes da Comiss\u00e3o.<\/p>\n<p><strong>Pr\u00f3xima reuni\u00e3o<\/strong><\/p>\n<p>A pr\u00f3xima reuni\u00e3o dever\u00e1 acontecer na semana que vem, onde o tema teletrabalho ser\u00e1 amplamente discutido, e a cobran\u00e7a de uma defini\u00e7\u00e3o concreta sobre a distribui\u00e7\u00e3o dos valores do aux\u00edlio educa\u00e7\u00e3o.<\/p>\n<p><span style=\"text-decoration: underline;\"><strong>Fonte: Contraf-CUT<\/strong><\/span><\/p>\n","protected":false},"excerpt":{"rendered":"<p>A Comiss\u00e3o de Organiza\u00e7\u00e3o dos Empregados (COE) do Ita\u00fa avaliou que o banco n\u00e3o d\u00e1 resposta satisfat\u00f3ria sobre as altera\u00e7\u00f5es do programa A\u00e7\u00e3o Gerencial Ita\u00fa de Resultados (AGIR). A avalia\u00e7\u00e3o ocorre depois de um ciclo de reuni\u00f5es entre os representantes dos banc\u00e1rios e representantes do Ita\u00fa e ap\u00f3s reuni\u00e3o realizada na \u00faltima sexta-feira (20). Para [&hellip;]<\/p>\n","protected":false},"author":2,"featured_media":10016,"comment_status":"","ping_status":"","sticky":false,"template":"","format":"standard","meta":{"footnotes":""},"categories":[3],"tags":[],"class_list":["post-10017","post","type-post","status-publish","format-standard","has-post-thumbnail","hentry","category-noticias"],"_links":{"self":[{"href":"https:\/\/hostnetart.com.br\/baixada\/wp-json\/wp\/v2\/posts\/10017","targetHints":{"allow":["GET"]}}],"collection":[{"href":"https:\/\/hostnetart.com.br\/baixada\/wp-json\/wp\/v2\/posts"}],"about":[{"href":"https:\/\/hostnetart.com.br\/baixada\/wp-json\/wp\/v2\/types\/post"}],"author":[{"embeddable":true,"href":"https:\/\/hostnetart.com.br\/baixada\/wp-json\/wp\/v2\/users\/2"}],"replies":[{"embeddable":true,"href":"https:\/\/hostnetart.com.br\/baixada\/wp-json\/wp\/v2\/comments?post=10017"}],"version-history":[{"count":0,"href":"https:\/\/hostnetart.com.br\/baixada\/wp-json\/wp\/v2\/posts\/10017\/revisions"}],"wp:featuredmedia":[{"embeddable":true,"href":"https:\/\/hostnetart.com.br\/baixada\/wp-json\/wp\/v2\/media\/10016"}],"wp:attachment":[{"href":"https:\/\/hostnetart.com.br\/baixada\/wp-json\/wp\/v2\/media?parent=10017"}],"wp:term":[{"taxonomy":"category","embeddable":true,"href":"https:\/\/hostnetart.com.br\/baixada\/wp-json\/wp\/v2\/categories?post=10017"},{"taxonomy":"post_tag","embeddable":true,"href":"https:\/\/hostnetart.com.br\/baixada\/wp-json\/wp\/v2\/tags?post=10017"}],"curies":[{"name":"wp","href":"https:\/\/api.w.org\/{rel}","templated":true}]}}