{"id":10013,"date":"2020-11-23T03:32:43","date_gmt":"2020-11-23T06:32:43","guid":{"rendered":"https:\/\/hostnetart.com.br\/baixada\/gt-de-saude-avanca-em-discussao-com-o-itau\/"},"modified":"2020-11-23T03:32:43","modified_gmt":"2020-11-23T06:32:43","slug":"gt-de-saude-avanca-em-discussao-com-o-itau","status":"publish","type":"post","link":"https:\/\/hostnetart.com.br\/baixada\/gt-de-saude-avanca-em-discussao-com-o-itau\/","title":{"rendered":"GT de Sa\u00fade avan\u00e7a em discuss\u00e3o com o Ita\u00fa"},"content":{"rendered":"<p>O Grupo de Trabalho (GT) de Sa\u00fade do Ita\u00fa se reuniu com representantes do banco na tarde desta sexta-feira (20) para tratar do endividamento decorrente de afastamento pelo INSS, adiantamento e complementa\u00e7\u00e3o salarial de banc\u00e1rios durante o afastamento na pandemia. Tamb\u00e9m discutiu o protocolo de Covid 19 em virtude do aumento de casos no pa\u00eds. O banco ficou de buscar uma solu\u00e7\u00e3o para minimizar o impacto do desconto que \u00e9 feito no retorno ao trabalho ap\u00f3s o afastamento pelo INSS.<\/p>\n<p>Na reuni\u00e3o, o banco tamb\u00e9m ficou de analisar, caso a caso, as situa\u00e7\u00f5es em que o trabalhador est\u00e1 recebendo benef\u00edcio de apenas um sal\u00e1rio m\u00ednimo pelo INSS, de acordo com a determina\u00e7\u00e3o da lei 13.892. Os representantes dos trabalhadores se reunir\u00e3o com o banco nos pr\u00f3ximos dias para nova discuss\u00e3o e fechamento das propostas. Tamb\u00e9m v\u00e3o discutir os protocolos de preven\u00e7\u00e3o \u00e0 Covid 19. Para Luciana Duarte, coordenadora do GT de Sa\u00fade, a situa\u00e7\u00e3o dos afastados pelo INSS tem sido muito dif\u00edcil. Al\u00e9m de poucas cidades terem retornado a per\u00edcia presencial, alguns trabalhadores est\u00e3o com pedidos em an\u00e1lise no sistema por meses. Essa situa\u00e7\u00e3o faz com que o trabalhador tenha que recorrer ao adiantamento de sal\u00e1rio previsto em Conven\u00e7\u00e3o Coletiva para honrar seus compromissos, causando assim um endividamento quando houver decis\u00e3o do INSS.<\/p>\n<p>Para o coordenador da Comiss\u00e3o de Organiza\u00e7\u00e3o dos Empregados (COE) do Ita\u00fa, Jair Alves, os n\u00fameros da Covid19 no pa\u00eds s\u00e3o preocupantes. \u201c\u00c9 fundamental que o banco cumpra seu papel na preven\u00e7\u00e3o e fornecimento de equipamentos de prote\u00e7\u00e3o e que os banc\u00e1rios tamb\u00e9m os utilizem de forma adequada. V\u00e1rios pa\u00edses est\u00e3o enfrentando um crescimento absurdo de casos e \u00e9 importante n\u00e3o relaxar medidas de preven\u00e7\u00e3o\u201d, afirmou Jair Alves. O Comando Nacional\u00a0d@s\u00a0Banc\u00e1ri@\u00a0tamb\u00e9m se re\u00faniu hoje com Fenaban para tratar do tema.<\/p>\n<p><strong>Fonte: Contraf-CUT<\/strong><\/p>\n","protected":false},"excerpt":{"rendered":"<p>O Grupo de Trabalho (GT) de Sa\u00fade do Ita\u00fa se reuniu com representantes do banco na tarde desta sexta-feira (20) para tratar do endividamento decorrente de afastamento pelo INSS, adiantamento e complementa\u00e7\u00e3o salarial de banc\u00e1rios durante o afastamento na pandemia. Tamb\u00e9m discutiu o protocolo de Covid 19 em virtude do aumento de casos no pa\u00eds. [&hellip;]<\/p>\n","protected":false},"author":2,"featured_media":10012,"comment_status":"","ping_status":"","sticky":false,"template":"","format":"standard","meta":{"footnotes":""},"categories":[3],"tags":[],"class_list":["post-10013","post","type-post","status-publish","format-standard","has-post-thumbnail","hentry","category-noticias"],"_links":{"self":[{"href":"https:\/\/hostnetart.com.br\/baixada\/wp-json\/wp\/v2\/posts\/10013","targetHints":{"allow":["GET"]}}],"collection":[{"href":"https:\/\/hostnetart.com.br\/baixada\/wp-json\/wp\/v2\/posts"}],"about":[{"href":"https:\/\/hostnetart.com.br\/baixada\/wp-json\/wp\/v2\/types\/post"}],"author":[{"embeddable":true,"href":"https:\/\/hostnetart.com.br\/baixada\/wp-json\/wp\/v2\/users\/2"}],"replies":[{"embeddable":true,"href":"https:\/\/hostnetart.com.br\/baixada\/wp-json\/wp\/v2\/comments?post=10013"}],"version-history":[{"count":0,"href":"https:\/\/hostnetart.com.br\/baixada\/wp-json\/wp\/v2\/posts\/10013\/revisions"}],"wp:featuredmedia":[{"embeddable":true,"href":"https:\/\/hostnetart.com.br\/baixada\/wp-json\/wp\/v2\/media\/10012"}],"wp:attachment":[{"href":"https:\/\/hostnetart.com.br\/baixada\/wp-json\/wp\/v2\/media?parent=10013"}],"wp:term":[{"taxonomy":"category","embeddable":true,"href":"https:\/\/hostnetart.com.br\/baixada\/wp-json\/wp\/v2\/categories?post=10013"},{"taxonomy":"post_tag","embeddable":true,"href":"https:\/\/hostnetart.com.br\/baixada\/wp-json\/wp\/v2\/tags?post=10013"}],"curies":[{"name":"wp","href":"https:\/\/api.w.org\/{rel}","templated":true}]}}