{"id":10011,"date":"2020-11-23T03:31:48","date_gmt":"2020-11-23T06:31:48","guid":{"rendered":"https:\/\/hostnetart.com.br\/baixada\/assassinatos-de-negros-e-mulheres-continuam-no-brasil\/"},"modified":"2020-11-23T03:31:48","modified_gmt":"2020-11-23T06:31:48","slug":"assassinatos-de-negros-e-mulheres-continuam-no-brasil","status":"publish","type":"post","link":"https:\/\/hostnetart.com.br\/baixada\/assassinatos-de-negros-e-mulheres-continuam-no-brasil\/","title":{"rendered":"Assassinatos de negros e mulheres continuam no Brasil"},"content":{"rendered":"<p>Leila Arruda, ex-candidata nas recentes elei\u00e7\u00f5es a prefeita pelo PT em Curralinho, ilha de Maraj\u00f3, no Par\u00e1, foi assassinada pelo ex-marido nesta quinta-feira (19). Mais uma v\u00edtima de feminic\u00eddio, Leila Arruda tinha 49 anos e foi fundadora do Movimento de Mulheres Empreendedoras da Amaz\u00f4nia (Moema).<\/p>\n<p>\u201cO assassinato de Leila \u00e9 mais uma prova de que temos de continuar nosso combate \u00e0 viol\u00eancia contra a mulher. \u00c9 uma luta de todos, mulheres, homens, de pessoas de todas as faixas sociais. Temos de cobrar justi\u00e7a para esses crimes. Triste \u00e9 constatar que o feminic\u00eddio de Leila ocorre quase ao mesmo tempo do assassinato de Jo\u00e3o Alberto Silveira Freitas, um homem negro morto ao ser espancado por seguran\u00e7as do supermercado Carrefour, em Porto Alegre. Esses crimes ocorrem no momento em que celebramos o Dia da Consci\u00eancia Negra (20 de novembro) e o Dia Internacional de Combate \u00e0 Viol\u00eancia Contra a Mulher (25 de novembro)\u201d, lembrou a secret\u00e1ria de Mulheres da Confedera\u00e7\u00e3o Nacional dos Trabalhadores do Ramo Financeira (Contraf-CUT), Elaine Cutis.<\/p>\n<p>Amea\u00e7as \u00e0 vereadora<\/p>\n<p>Al\u00e9m dos assassinatos de Jo\u00e3o Freitas, em Porto Alegre, e Leila Arruda, no Par\u00e1, tamb\u00e9m ganhou destaque as amea\u00e7as \u00e0 vereadora eleita Ana L\u00facia Martins (PT). Ela \u00e9 a primeira mulher negra eleita para a C\u00e2mara de Vereadores de Joinville, no Norte de Santa Catarina. Desde domingo (15), com o resultado das elei\u00e7\u00f5es, Ana Martins vem recebendo ataques em redes sociais e at\u00e9 amea\u00e7as de morte. \u201cCom toda essa viol\u00eancia, lamento que ocorram casos como esses no momento em que o chefe maior do pa\u00eds que, infelizmente, ao inv\u00e9s de coibir, refor\u00e7a essa viol\u00eancia. Esse discurso conservador \u00e9 uma amea\u00e7a a todos\u201d, alerta a secret\u00e1ria da Mulher da Contraf-CUT.<\/p>\n<p>Elaine Cutis tamb\u00e9m lembra que assim como aconteceu nesta sexta-feira (20) um tuita\u00e7o contra a discrimina\u00e7\u00e3o racial, haver\u00e1 outro protesto semelhante no dia 25, pr\u00f3xima quarta-feira. O tuita\u00e7o ser\u00e1 ao meio-dia, com a hashtag #RespeitaAsMinas.<\/p>\n<p><strong>Fonte: Contraf-CUT<\/strong><\/p>\n","protected":false},"excerpt":{"rendered":"<p>Leila Arruda, ex-candidata nas recentes elei\u00e7\u00f5es a prefeita pelo PT em Curralinho, ilha de Maraj\u00f3, no Par\u00e1, foi assassinada pelo ex-marido nesta quinta-feira (19). Mais uma v\u00edtima de feminic\u00eddio, Leila Arruda tinha 49 anos e foi fundadora do Movimento de Mulheres Empreendedoras da Amaz\u00f4nia (Moema). \u201cO assassinato de Leila \u00e9 mais uma prova de que [&hellip;]<\/p>\n","protected":false},"author":2,"featured_media":10010,"comment_status":"","ping_status":"","sticky":false,"template":"","format":"standard","meta":{"footnotes":""},"categories":[3],"tags":[],"class_list":["post-10011","post","type-post","status-publish","format-standard","has-post-thumbnail","hentry","category-noticias"],"_links":{"self":[{"href":"https:\/\/hostnetart.com.br\/baixada\/wp-json\/wp\/v2\/posts\/10011","targetHints":{"allow":["GET"]}}],"collection":[{"href":"https:\/\/hostnetart.com.br\/baixada\/wp-json\/wp\/v2\/posts"}],"about":[{"href":"https:\/\/hostnetart.com.br\/baixada\/wp-json\/wp\/v2\/types\/post"}],"author":[{"embeddable":true,"href":"https:\/\/hostnetart.com.br\/baixada\/wp-json\/wp\/v2\/users\/2"}],"replies":[{"embeddable":true,"href":"https:\/\/hostnetart.com.br\/baixada\/wp-json\/wp\/v2\/comments?post=10011"}],"version-history":[{"count":0,"href":"https:\/\/hostnetart.com.br\/baixada\/wp-json\/wp\/v2\/posts\/10011\/revisions"}],"wp:featuredmedia":[{"embeddable":true,"href":"https:\/\/hostnetart.com.br\/baixada\/wp-json\/wp\/v2\/media\/10010"}],"wp:attachment":[{"href":"https:\/\/hostnetart.com.br\/baixada\/wp-json\/wp\/v2\/media?parent=10011"}],"wp:term":[{"taxonomy":"category","embeddable":true,"href":"https:\/\/hostnetart.com.br\/baixada\/wp-json\/wp\/v2\/categories?post=10011"},{"taxonomy":"post_tag","embeddable":true,"href":"https:\/\/hostnetart.com.br\/baixada\/wp-json\/wp\/v2\/tags?post=10011"}],"curies":[{"name":"wp","href":"https:\/\/api.w.org\/{rel}","templated":true}]}}