{"id":10009,"date":"2020-11-23T03:30:45","date_gmt":"2020-11-23T06:30:45","guid":{"rendered":"https:\/\/hostnetart.com.br\/baixada\/empregados-cobram-contratacao-imediata-na-caixa\/"},"modified":"2020-11-23T03:30:45","modified_gmt":"2020-11-23T06:30:45","slug":"empregados-cobram-contratacao-imediata-na-caixa","status":"publish","type":"post","link":"https:\/\/hostnetart.com.br\/baixada\/empregados-cobram-contratacao-imediata-na-caixa\/","title":{"rendered":"Empregados cobram contrata\u00e7\u00e3o imediata na Caixa"},"content":{"rendered":"<p>A decis\u00e3o da Caixa de iniciar o Programa de Desligamento Volunt\u00e1rio (PDV) poder\u00e1 retirar do quadro da empresa mais de 7 mil empregados. Com um d\u00e9ficit de 17 mil empregados, o PDV poder\u00e1 prejudicar ainda mais trabalhadores e a popula\u00e7\u00e3o. A Confedera\u00e7\u00e3o Nacional dos Trabalhadores do Ramo Financeiro (Contraf-CUT), junto com a Comiss\u00e3o Executiva dos Empregados da Caixa (CEE\/Caixa), reivindicou a urg\u00eancia do in\u00edcio do processo de contrata\u00e7\u00e3o da empresa.<\/p>\n<p><a href=\"https:\/\/contrafcut.com.br\/wp-content\/uploads\/2020\/11\/of-20920-contratacao-de-novos-empregados-mediante-concurso-publico.pdf\" target=\"_blank\" rel=\"noopener noreferrer\">Por meio de um of\u00edcio enviado ao presidente da Caixa<\/a>, Pedro Guimar\u00e3es, a entidade refor\u00e7a que os empregados t\u00eam vivido no dia a dia de trabalho um alto n\u00edvel de carga de trabalho, com condi\u00e7\u00f5es prec\u00e1rias nas unidades e submetidos \u00e0 press\u00e3o constante para obten\u00e7\u00e3o de resultados atrav\u00e9s de metas abusivas. \u201cEsse quadro se mostra em \u00e2mbito nacional e tem sido a t\u00f4nica da gest\u00e3o de pessoas pela dire\u00e7\u00e3o da Caixa\u201d.<\/p>\n<p>Segundo a coordenadora da CEE\/Caixa, Fabiana Uehara Proscholdt, a contrata\u00e7\u00e3o deve ser imediata para dar melhores condi\u00e7\u00f5es aos trabalhadores e claro melhor atendimento para a popula\u00e7\u00e3o. \u201cOs colegas est\u00e3o adoecendo com as jornadas estafantes de atendimento e refor\u00e7ada por metas abusivas. Quiseram colar que os colegas s\u00e3o \u201cher\u00f3is de crach\u00e1\u201d mas s\u00e3o seres humanos, e o que temos cobrado da CAIXA \u00e9 o respeito aos seus empregados\u201d.<\/p>\n<p>A demanda para aumentar o contingente de trabalhadores do banco \u00e9 uma reivindica\u00e7\u00e3o constante das entidades que representam a categoria e para a Federa\u00e7\u00e3o Nacional das Associa\u00e7\u00f5es do Pessoal da Caixa Econ\u00f4mica Federal (Fenae). \u201cPrecisamos de mais empregados urgente. A Caixa perdeu 17 mil empregados e n\u00e3o houve reposi\u00e7\u00e3o. Ent\u00e3o esse n\u00famero ainda \u00e9 muito pouco\u201d, afirmou o presidente da Federa\u00e7\u00e3o, Sergio Takemoto.<\/p>\n<h3>Concursados de 2014<\/h3>\n<p>A Fenae e demais entidades seguem atuando para que os concursados de 2014 sejam chamados para retomar a recomposi\u00e7\u00e3o do quadro de empregados proporcionando assim um atendimento mais adequado ao tamanho da demanda do banco p\u00fablico.<\/p>\n<p>A n\u00e3o convoca\u00e7\u00e3o dos aprovados no concurso p\u00fablico realizado pela Caixa em 2014 \u00e9 alvo de A\u00e7\u00e3o Civil P\u00fablica ingressada pelo Minist\u00e9rio P\u00fablico do Trabalho no Distrito Federal e em Tocantins. No dia 6 e outubro de 2016, veio a vit\u00f3ria em primeira inst\u00e2ncia. Na decis\u00e3o, a ju\u00edza Nat\u00e1lia Queiroz, da 6\u00aa Vara do Trabalho de Bras\u00edlia, postergou a validade do certame at\u00e9 o tr\u00e2nsito em julgado da a\u00e7\u00e3o.<\/p>\n<p><strong>Fonte: Contraf-CUT<\/strong><\/p>\n","protected":false},"excerpt":{"rendered":"<p>A decis\u00e3o da Caixa de iniciar o Programa de Desligamento Volunt\u00e1rio (PDV) poder\u00e1 retirar do quadro da empresa mais de 7 mil empregados. Com um d\u00e9ficit de 17 mil empregados, o PDV poder\u00e1 prejudicar ainda mais trabalhadores e a popula\u00e7\u00e3o. A Confedera\u00e7\u00e3o Nacional dos Trabalhadores do Ramo Financeiro (Contraf-CUT), junto com a Comiss\u00e3o Executiva dos [&hellip;]<\/p>\n","protected":false},"author":2,"featured_media":10008,"comment_status":"","ping_status":"","sticky":false,"template":"","format":"standard","meta":{"footnotes":""},"categories":[3],"tags":[],"class_list":["post-10009","post","type-post","status-publish","format-standard","has-post-thumbnail","hentry","category-noticias"],"_links":{"self":[{"href":"https:\/\/hostnetart.com.br\/baixada\/wp-json\/wp\/v2\/posts\/10009","targetHints":{"allow":["GET"]}}],"collection":[{"href":"https:\/\/hostnetart.com.br\/baixada\/wp-json\/wp\/v2\/posts"}],"about":[{"href":"https:\/\/hostnetart.com.br\/baixada\/wp-json\/wp\/v2\/types\/post"}],"author":[{"embeddable":true,"href":"https:\/\/hostnetart.com.br\/baixada\/wp-json\/wp\/v2\/users\/2"}],"replies":[{"embeddable":true,"href":"https:\/\/hostnetart.com.br\/baixada\/wp-json\/wp\/v2\/comments?post=10009"}],"version-history":[{"count":0,"href":"https:\/\/hostnetart.com.br\/baixada\/wp-json\/wp\/v2\/posts\/10009\/revisions"}],"wp:featuredmedia":[{"embeddable":true,"href":"https:\/\/hostnetart.com.br\/baixada\/wp-json\/wp\/v2\/media\/10008"}],"wp:attachment":[{"href":"https:\/\/hostnetart.com.br\/baixada\/wp-json\/wp\/v2\/media?parent=10009"}],"wp:term":[{"taxonomy":"category","embeddable":true,"href":"https:\/\/hostnetart.com.br\/baixada\/wp-json\/wp\/v2\/categories?post=10009"},{"taxonomy":"post_tag","embeddable":true,"href":"https:\/\/hostnetart.com.br\/baixada\/wp-json\/wp\/v2\/tags?post=10009"}],"curies":[{"name":"wp","href":"https:\/\/api.w.org\/{rel}","templated":true}]}}