{"id":10007,"date":"2020-11-23T03:27:47","date_gmt":"2020-11-23T06:27:47","guid":{"rendered":"https:\/\/hostnetart.com.br\/baixada\/contraf-cut-cobra-informacoes-sobre-o-programa-de-testagem-para-a-covid-19-da-caixa\/"},"modified":"2020-11-23T03:27:47","modified_gmt":"2020-11-23T06:27:47","slug":"contraf-cut-cobra-informacoes-sobre-o-programa-de-testagem-para-a-covid-19-da-caixa","status":"publish","type":"post","link":"https:\/\/hostnetart.com.br\/baixada\/contraf-cut-cobra-informacoes-sobre-o-programa-de-testagem-para-a-covid-19-da-caixa\/","title":{"rendered":"Contraf-CUT cobra informa\u00e7\u00f5es sobre o programa de testagem para a Covid-19 da Caixa"},"content":{"rendered":"<p>A Confedera\u00e7\u00e3o Nacional dos Trabalhadores do Ramo Financeiro (Contraf-CUT) enviou of\u00edcio nesta quinta-feira (19) para a dire\u00e7\u00e3o da Caixa solicitando informa\u00e7\u00f5es sobre o programa de testagem para a COVID-19, realizado no m\u00eas de outubro.<\/p>\n<p>Fabiana Uehara Proscholdt, secret\u00e1ria da Cultura da Contraf-CUT e coordenadora da Comiss\u00e3o Executiva dos Empregados da Caixa (CEE\/ Caixa), explica que o objetivo da solicita\u00e7\u00e3o \u00e9 subsidiar o movimento sindical para as negocia\u00e7\u00f5es com a Caixa para as medidas de preven\u00e7\u00e3o ao contagio do novo coronav\u00edrus. \u201cQueremos que a dire\u00e7\u00e3o da Caixa apresente os dados gerais obtidos por interm\u00e9dio deste programa de testagem, como o n\u00famero de testes realizados, a quantidade de casos positivos verificados e a eventual realiza\u00e7\u00e3o de mapeamento por regi\u00f5es do pa\u00eds para analisarmos a assertividade dos protocolos preventivos existentes e a possibilidade da ado\u00e7\u00e3o de novas medidas.\u201d<\/p>\n<p><strong>Fonte: Contraf-CUT<\/strong><\/p>\n","protected":false},"excerpt":{"rendered":"<p>A Confedera\u00e7\u00e3o Nacional dos Trabalhadores do Ramo Financeiro (Contraf-CUT) enviou of\u00edcio nesta quinta-feira (19) para a dire\u00e7\u00e3o da Caixa solicitando informa\u00e7\u00f5es sobre o programa de testagem para a COVID-19, realizado no m\u00eas de outubro. Fabiana Uehara Proscholdt, secret\u00e1ria da Cultura da Contraf-CUT e coordenadora da Comiss\u00e3o Executiva dos Empregados da Caixa (CEE\/ Caixa), explica que [&hellip;]<\/p>\n","protected":false},"author":2,"featured_media":10006,"comment_status":"","ping_status":"","sticky":false,"template":"","format":"standard","meta":{"footnotes":""},"categories":[3],"tags":[],"class_list":["post-10007","post","type-post","status-publish","format-standard","has-post-thumbnail","hentry","category-noticias"],"_links":{"self":[{"href":"https:\/\/hostnetart.com.br\/baixada\/wp-json\/wp\/v2\/posts\/10007","targetHints":{"allow":["GET"]}}],"collection":[{"href":"https:\/\/hostnetart.com.br\/baixada\/wp-json\/wp\/v2\/posts"}],"about":[{"href":"https:\/\/hostnetart.com.br\/baixada\/wp-json\/wp\/v2\/types\/post"}],"author":[{"embeddable":true,"href":"https:\/\/hostnetart.com.br\/baixada\/wp-json\/wp\/v2\/users\/2"}],"replies":[{"embeddable":true,"href":"https:\/\/hostnetart.com.br\/baixada\/wp-json\/wp\/v2\/comments?post=10007"}],"version-history":[{"count":0,"href":"https:\/\/hostnetart.com.br\/baixada\/wp-json\/wp\/v2\/posts\/10007\/revisions"}],"wp:featuredmedia":[{"embeddable":true,"href":"https:\/\/hostnetart.com.br\/baixada\/wp-json\/wp\/v2\/media\/10006"}],"wp:attachment":[{"href":"https:\/\/hostnetart.com.br\/baixada\/wp-json\/wp\/v2\/media?parent=10007"}],"wp:term":[{"taxonomy":"category","embeddable":true,"href":"https:\/\/hostnetart.com.br\/baixada\/wp-json\/wp\/v2\/categories?post=10007"},{"taxonomy":"post_tag","embeddable":true,"href":"https:\/\/hostnetart.com.br\/baixada\/wp-json\/wp\/v2\/tags?post=10007"}],"curies":[{"name":"wp","href":"https:\/\/api.w.org\/{rel}","templated":true}]}}