{"id":10005,"date":"2020-11-19T18:09:10","date_gmt":"2020-11-19T21:09:10","guid":{"rendered":"https:\/\/hostnetart.com.br\/baixada\/20-de-novembro-dia-nacional-da-consciencia-negra\/"},"modified":"2020-11-19T18:09:10","modified_gmt":"2020-11-19T21:09:10","slug":"20-de-novembro-dia-nacional-da-consciencia-negra","status":"publish","type":"post","link":"https:\/\/hostnetart.com.br\/baixada\/20-de-novembro-dia-nacional-da-consciencia-negra\/","title":{"rendered":"20 de novembro, Dia Nacional da Consci\u00eancia Negra"},"content":{"rendered":"<p>Sexta-feira, dia 20 de novembro, \u00e9 o Dia Nacional da Consci\u00eancia Negra. A data faz mem\u00f3ria \u00e0 Zumbi, l\u00edder do Quilombo de Palmares, morto neste dia, no ano de 1695 e um momento para se ressaltar a import\u00e2ncia da cultura e do povo negro na forma\u00e7\u00e3o da cultura nacional.<\/p>\n<p>\u201cZumbi \u00e9 um personagem hist\u00f3rico, que representa a luta do negro contra a escravid\u00e3o no per\u00edodo do Brasil Colonial, mas tamb\u00e9m contra a opress\u00e3o e o racismo que persistem at\u00e9 os dias atuais\u201d, explicou o secret\u00e1rio de Combate ao Racismo da Confedera\u00e7\u00e3o Nacional dos Trabalhadores do Ramo Financeiro (Contraf-CUT), Almir Aguiar.<\/p>\n<p>\u00a0\u00a0\u00a0\u00a0\u00a0<strong>&gt;<\/strong>\u00a0Ou\u00e7a o\u00a0<a href=\"https:\/\/soundcloud.com\/contrafcut2\/eleicoes-2020-os-negros-nos-espacos-de-poder\" target=\"_blank\" rel=\"noopener noreferrer\">Podcast da Contraf-CUT<\/a>\u00a0sobre Consci\u00eancia Negra<\/p>\n<p>\u201cZumbi morreu em combate, defendendo seu povo e sua comunidade. Os quilombos representavam uma resist\u00eancia ao sistema escravagista e tamb\u00e9m uma forma coletiva de manuten\u00e7\u00e3o da cultura africana aqui no Brasil. Zumbi lutou at\u00e9 a morte por esta cultura e pela liberdade do seu povo. Por tudo isso, consideramos ele e sua luta como s\u00edmbolo da consci\u00eancia negra. Da consci\u00eancia que o povo negro precisa lutar contra o racismo, contra o preconceito para conseguir usufruir dos seus direitos\u201d, completou.<\/p>\n<h3><strong>Consci\u00eancia Negra<\/strong><\/h3>\n<p>Nesta sexta-feira, a Contraf-CUT, sindicatos e federa\u00e7\u00f5es de trabalhadores do ramo financeiro de todo o pa\u00eds se somam \u00e0s atividades do Dia da Consci\u00eancia Negra e a partir das 12h, realizar\u00e3o uma manifesta\u00e7\u00e3o pelas redes sociais com a hashtag\u00a0<a href=\"https:\/\/twitter.com\/search?q=%23VidasNegrasImportam&amp;src=typed_query\" target=\"_blank\" rel=\"noopener noreferrer\">#VidasNegrasImportam<\/a>.<\/p>\n<p>\u201cVamos utilizar o Twitter para denunciar a discrimina\u00e7\u00e3o racial, que pune a popula\u00e7\u00e3o negra, com a\u00a0<a href=\"https:\/\/contrafcut.com.br\/noticias\/violencia-se-concentra-na-populacao-negra\" target=\"_blank\" rel=\"noopener noreferrer\">viol\u00eancia<\/a>, a\u00a0<a href=\"https:\/\/contrafcut.com.br\/noticias\/pandemia-descortina-discriminacao-racial-no-mercado-de-trabalho\" target=\"_blank\" rel=\"noopener noreferrer\">discrimina\u00e7\u00e3o no mercado de trabalho<\/a>\u00a0e em toda a estrutura da sociedade. N\u00e3o podemos mais tolerar o racismo!\u201d, disse Almir.<\/p>\n<p><strong>Fonte: Contraf-CUT<\/strong><\/p>\n","protected":false},"excerpt":{"rendered":"<p>Sexta-feira, dia 20 de novembro, \u00e9 o Dia Nacional da Consci\u00eancia Negra. A data faz mem\u00f3ria \u00e0 Zumbi, l\u00edder do Quilombo de Palmares, morto neste dia, no ano de 1695 e um momento para se ressaltar a import\u00e2ncia da cultura e do povo negro na forma\u00e7\u00e3o da cultura nacional. \u201cZumbi \u00e9 um personagem hist\u00f3rico, que [&hellip;]<\/p>\n","protected":false},"author":2,"featured_media":10004,"comment_status":"","ping_status":"","sticky":false,"template":"","format":"standard","meta":{"footnotes":""},"categories":[3],"tags":[],"class_list":["post-10005","post","type-post","status-publish","format-standard","has-post-thumbnail","hentry","category-noticias"],"_links":{"self":[{"href":"https:\/\/hostnetart.com.br\/baixada\/wp-json\/wp\/v2\/posts\/10005","targetHints":{"allow":["GET"]}}],"collection":[{"href":"https:\/\/hostnetart.com.br\/baixada\/wp-json\/wp\/v2\/posts"}],"about":[{"href":"https:\/\/hostnetart.com.br\/baixada\/wp-json\/wp\/v2\/types\/post"}],"author":[{"embeddable":true,"href":"https:\/\/hostnetart.com.br\/baixada\/wp-json\/wp\/v2\/users\/2"}],"replies":[{"embeddable":true,"href":"https:\/\/hostnetart.com.br\/baixada\/wp-json\/wp\/v2\/comments?post=10005"}],"version-history":[{"count":0,"href":"https:\/\/hostnetart.com.br\/baixada\/wp-json\/wp\/v2\/posts\/10005\/revisions"}],"wp:featuredmedia":[{"embeddable":true,"href":"https:\/\/hostnetart.com.br\/baixada\/wp-json\/wp\/v2\/media\/10004"}],"wp:attachment":[{"href":"https:\/\/hostnetart.com.br\/baixada\/wp-json\/wp\/v2\/media?parent=10005"}],"wp:term":[{"taxonomy":"category","embeddable":true,"href":"https:\/\/hostnetart.com.br\/baixada\/wp-json\/wp\/v2\/categories?post=10005"},{"taxonomy":"post_tag","embeddable":true,"href":"https:\/\/hostnetart.com.br\/baixada\/wp-json\/wp\/v2\/tags?post=10005"}],"curies":[{"name":"wp","href":"https:\/\/api.w.org\/{rel}","templated":true}]}}